{"id":79150,"date":"2021-08-03T21:23:58","date_gmt":"2021-08-04T00:23:58","guid":{"rendered":"http:\/\/pdt-rj.org.br\/?p=79150"},"modified":"2021-08-03T21:23:58","modified_gmt":"2021-08-04T00:23:58","slug":"niteroi-rj-distribui-agasalhos-e-cobertores-arrecadados-em-campanha-solidaria","status":"publish","type":"post","link":"https:\/\/pdt-rj.org.br\/index.php\/niteroi-rj-distribui-agasalhos-e-cobertores-arrecadados-em-campanha-solidaria\/","title":{"rendered":"Niter\u00f3i (RJ) distribui agasalhos e cobertores arrecadados em campanha solid\u00e1ria"},"content":{"rendered":"<div>\n<p class=\"yiv6741622287p1\"><b><em>Produtos doados nos postos de vacina\u00e7\u00e3o beneficiar\u00e3o cidad\u00e3os em situa\u00e7\u00e3o de vulnerabilidade<\/em><br \/>\n<\/b><\/p>\n<\/div>\n<div>\n<p>A Prefeitura de Niter\u00f3i (RJ), administrada pelo pedetista Axel Grael, iniciou na \u00faltima segunda-feira (02) a distribui\u00e7\u00e3o de agasalhos e cobertores arrecadados pela campanha Niter\u00f3i Solid\u00e1ria para organiza\u00e7\u00f5es do terceiro setor. A Obra Social do Centro Esp\u00edrita Antonio de Paula, entidade religiosa que exerce atividades filantr\u00f3picas h\u00e1 mais de 100 anos na cidade, foi a primeira a receber os itens de frio.<\/p>\n<p>As doa\u00e7\u00f5es podem ser entregues nos pontos de vacina\u00e7\u00e3o contra a Covid-19 do munic\u00edpio, que tamb\u00e9m arrecadam alimentos e produtos de higiene e limpeza. Nesta ter\u00e7a-feira (3) foram distribu\u00eddos mais de 130 itens para o Centro Esp\u00edrita Antonio de Paula, entidade cadastrada atrav\u00e9s de chamamento p\u00fablico pela Prefeitura.<\/p>\n<p>A primeira-dama do munic\u00edpio, Christa Vogel Grael, que coordena voluntariamente a Niter\u00f3i Solid\u00e1ria, destacou que podem ser doados gorros, cobertores, luvas e demais artigos de frio \u2013 desde que estejam em bom estado de conserva\u00e7\u00e3o \u2013 para que as pessoas mais carentes da cidade possam passar por esse per\u00edodo de frio intenso na cidade.<\/p>\n<p>\u201cEstamos enfrentando um inverno rigoroso e muitas pessoas n\u00e3o t\u00eam o b\u00e1sico para se aquecer. A Niter\u00f3i Solid\u00e1ria, mais uma vez, conta com a empatia dos niteroienses na doa\u00e7\u00e3o de casacos, cobertores, gorros e demais artigos de frio. Vamos fazer o bem e aquecer quem precisa. O agasalho que n\u00e3o tem mais utilidade para voc\u00ea pode aquecer o corpo e o cora\u00e7\u00e3o de algu\u00e9m\u201d, declarou Christa Grael, refor\u00e7ando que uma nova onda de frio atinge a cidade a partir desta ter\u00e7a-feira, aumentando a demanda por doa\u00e7\u00f5es.<\/p>\n<p>A diretora de Assist\u00eancia Espiritual do Centro Esp\u00edrita Antonio de Paula, Maria Auxiliadora Cantarino, disse que a obra social est\u00e1 com maior demanda na \u00faltima semana.<\/p>\n<p>\u201cEssa doa\u00e7\u00e3o veio em \u00f3timo momento. Estamos passando por um per\u00edodo de muito frio e j\u00e1 percebemos um aumento na procura. Hoje, nossa institui\u00e7\u00e3o atende cerca de 100 pessoas. Temos um p\u00fablico que participa da assist\u00eancia aqui, al\u00e9m de uma demanda extra, daqueles que nos procuram no port\u00e3o. Costumamos atender idosas, gestantes e popula\u00e7\u00e3o em situa\u00e7\u00e3o de rua. Al\u00e9m disso, tamb\u00e9m temos um trabalho de entrega de sopas e, com certeza, essa doa\u00e7\u00e3o da Niter\u00f3i Solid\u00e1ria vai atender essas pessoas com muito carinho\u201d, destacou.<\/p>\n<p>O secret\u00e1rio de Direitos Humanos, Raphael Costa, que faz parte da comiss\u00e3o da Niter\u00f3i Solid\u00e1ria, tamb\u00e9m participou da entrega dos cobertores, agasalhos e toucas.<\/p>\n<p>\u201cA campanha tem sido muito importante para fortalecer o terceiro setor da nossa cidade. Combater os efeitos do frio \u00e9 fundamental para a dignidade da popula\u00e7\u00e3o em vulnerabilidade social, e as organiza\u00e7\u00f5es sociais exercem papel fundamental para o alcance das pol\u00edticas p\u00fablicas\u201d, defendeu.<\/p>\n<p>As equipes que est\u00e3o trabalhando nos postos de vacina\u00e7\u00e3o tamb\u00e9m continuam recebendo alimentos n\u00e3o perec\u00edveis e materiais de higiene. Criada em abril, a Niter\u00f3i Solid\u00e1ria j\u00e1 arrecadou 45 toneladas de alimentos e incentiva a doa\u00e7\u00e3o de sangue para o Hospital Universit\u00e1rio Ant\u00f4nio Pedro (Huap).<\/p>\n<p>Confira os endere\u00e7os dos pontos de arrecada\u00e7\u00e3o:<\/p>\n<p>\u2013 Policl\u00ednica S\u00e9rgio Arouca \u2013 Rua Vital Brazil Filho, s\/n\u00ba \u2013 Vital Brazil.<br \/>\n\u2013 Policl\u00ednica Dr. Jo\u00e3o da Silva Vizella \u2013 Rua Luiz Palmier, 726 \u2013 Barreto.<br \/>\n\u2013 Policl\u00ednica Regional de Itaipu \u2013 Avenida Irene Lopes Sodr\u00e9 \u2013 Itaipu.<br \/>\n\u2013 Policl\u00ednica Regional Carlos Ant\u00f4nio da Silva \u2013 Avenida Jansen de Melo, s\/n\u00ba \u2013 S\u00e3o Louren\u00e7o.<br \/>\n\u2013 Policl\u00ednica Regional Doutor Guilherme Taylor March \u2013 R. Desembargador Lima Castro, 238 \u2013 Fonseca.<br \/>\n\u2013 Policl\u00ednica Regional de Piratininga Dom Lu\u00eds Orione \u2013 Rua Dr. Marcolino Gomes Candau, 111\u2013 Piratininga.<br \/>\n\u2013 Policl\u00ednica Regional Dr. Renato Silva \u2013 Avenida Jo\u00e3o Brasil, s\/n\u00ba \u2013 Engenhoca.<br \/>\n\u2013 Drive thru na Universidade Federal Fluminense \u2013 Campus Gragoat\u00e1 \u2013 Rua Alexandre Moura, 8 \u2013 S\u00e3o Domingos.<br \/>\n\u2013 Posto volante no Col\u00e9gio Gomes Pereira: Av. Rui Barbosa, 1250 \u2013 Largo da Batalha.<br \/>\n\u2013 Posto volante no Campo de S\u00e3o Bento: Centro Cultural Paschoal Carlos Magno \u2013 Icara\u00ed.<\/p>\n<p><strong>Doa\u00e7\u00e3o de sangue:<\/strong><br \/>\n\u2013 Hospital Ant\u00f4nio Pedro. Avenida Marqu\u00eas do Paran\u00e1, 303, Centro de Niter\u00f3i.<\/p>\n<\/div>\n<!-- AddThis Advanced Settings generic via filter on the_content --><!-- AddThis Share Buttons generic via filter on the_content -->","protected":false},"excerpt":{"rendered":"<p>Produtos doados nos postos de vacina\u00e7\u00e3o beneficiar\u00e3o cidad\u00e3os em situa\u00e7\u00e3o de vulnerabilidade A Prefeitura de Niter\u00f3i (RJ), administrada pelo pedetista Axel Grael, iniciou na \u00faltima segunda-feira (02) a distribui\u00e7\u00e3o de agasalhos e cobertores arrecadados pela campanha Niter\u00f3i Solid\u00e1ria para organiza\u00e7\u00f5es do terceiro setor. A Obra Social do Centro Esp\u00edrita Antonio de Paula, entidade religiosa que&#8230;<!-- AddThis Advanced Settings generic via filter on wp_trim_excerpt --><!-- AddThis Share Buttons generic via filter on wp_trim_excerpt --><\/p>\n","protected":false},"author":17,"featured_media":79165,"comment_status":"closed","ping_status":"closed","sticky":false,"template":"","format":"standard","meta":{"_monsterinsights_skip_tracking":false,"_monsterinsights_sitenote_active":false,"_monsterinsights_sitenote_note":"","_monsterinsights_sitenote_category":0,"_uf_show_specific_survey":0,"_uf_disable_surveys":false,"footnotes":""},"categories":[1390],"tags":[4025,4977,3348,54,4978],"class_list":["post-79150","post","type-post","status-publish","format-standard","has-post-thumbnail","hentry","category-editorias","tag-axel-grael","tag-christa-vogel-grael","tag-covid-19","tag-direitos-humanos","tag-niteroi-solidaria"],"acf":[],"_links":{"self":[{"href":"https:\/\/pdt-rj.org.br\/index.php\/wp-json\/wp\/v2\/posts\/79150","targetHints":{"allow":["GET"]}}],"collection":[{"href":"https:\/\/pdt-rj.org.br\/index.php\/wp-json\/wp\/v2\/posts"}],"about":[{"href":"https:\/\/pdt-rj.org.br\/index.php\/wp-json\/wp\/v2\/types\/post"}],"author":[{"embeddable":true,"href":"https:\/\/pdt-rj.org.br\/index.php\/wp-json\/wp\/v2\/users\/17"}],"replies":[{"embeddable":true,"href":"https:\/\/pdt-rj.org.br\/index.php\/wp-json\/wp\/v2\/comments?post=79150"}],"version-history":[{"count":1,"href":"https:\/\/pdt-rj.org.br\/index.php\/wp-json\/wp\/v2\/posts\/79150\/revisions"}],"predecessor-version":[{"id":79166,"href":"https:\/\/pdt-rj.org.br\/index.php\/wp-json\/wp\/v2\/posts\/79150\/revisions\/79166"}],"wp:featuredmedia":[{"embeddable":true,"href":"https:\/\/pdt-rj.org.br\/index.php\/wp-json\/wp\/v2\/media\/79165"}],"wp:attachment":[{"href":"https:\/\/pdt-rj.org.br\/index.php\/wp-json\/wp\/v2\/media?parent=79150"}],"wp:term":[{"taxonomy":"category","embeddable":true,"href":"https:\/\/pdt-rj.org.br\/index.php\/wp-json\/wp\/v2\/categories?post=79150"},{"taxonomy":"post_tag","embeddable":true,"href":"https:\/\/pdt-rj.org.br\/index.php\/wp-json\/wp\/v2\/tags?post=79150"}],"curies":[{"name":"wp","href":"https:\/\/api.w.org\/{rel}","templated":true}]}}