{"id":79108,"date":"2021-07-28T16:17:17","date_gmt":"2021-07-28T19:17:17","guid":{"rendered":"http:\/\/pdt-rj.org.br\/?p=79108"},"modified":"2021-07-28T16:19:15","modified_gmt":"2021-07-28T19:19:15","slug":"sob-a-gestao-de-fernanda-ontiveros-japeri-rj-comeca-imunizar-pessoas-com-18-anos-ou-mais-contra-a-covid-19","status":"publish","type":"post","link":"https:\/\/pdt-rj.org.br\/index.php\/sob-a-gestao-de-fernanda-ontiveros-japeri-rj-comeca-imunizar-pessoas-com-18-anos-ou-mais-contra-a-covid-19\/","title":{"rendered":"Sob a gest\u00e3o de Fernanda Ontiveros, Japeri (RJ) come\u00e7a imunizar pessoas com 18 anos ou mais contra a Covid-19"},"content":{"rendered":"<p class=\"has-text-align-justify\">Nessa segunda-feira (26) a prefeitura de Japeri (RJ), sob a gest\u00e3o da prefeita Dr\u00ba Fernanda Ontiveros (PDT), deu um passo importante na Campanha de Vacina\u00e7\u00e3o contra Covid-19 no munic\u00edpio e se tornou o primeiro da Baixada Fluminense a incluir pessoas a partir de 18 anos no p\u00fablico-alvo.<\/p>\n<p class=\"has-text-align-justify\">Ao todo, sete polos de imuniza\u00e7\u00e3o s\u00e3o mobilizados pela prefeitura, de segunda a sexta-feira, das 9h \u00e0s 16h. At\u00e9 o momento, o munic\u00edpio j\u00e1 vacinou aproximadamente 50% da popula\u00e7\u00e3o adulta com pelo menos a primeira dose, ou seja, quase 34 mil moradores e trabalhadores. Em Japeri, 76 mil pessoas com idade acima de 18 anos est\u00e3o no grupo de adultos vacin\u00e1veis. Destes, mais de 12 mil j\u00e1 foram imunizados com as duas doses ou dose \u00fanica.<\/p>\n<p class=\"has-text-align-justify\">\u201cEu, como gestora e m\u00e9dica, fico duplamente feliz em ver a imuniza\u00e7\u00e3o avan\u00e7ando na nossa cidade. Pe\u00e7o que toda a popula\u00e7\u00e3o fa\u00e7a a sua parte, pois com a vacina prevenimos a circula\u00e7\u00e3o do v\u00edrus\u201d, exaltou a prefeita, Dr\u00aa Fernanda Ontiveros.<\/p>\n<p class=\"has-text-align-justify\">Jovem e vacinado, Jo\u00e3o, que j\u00e1 perdeu um grande amigo para a Covid-19, comemorou ao receber a primeira dose do imunizante. \u201cEstava ansioso para chegar a minha vez de tomar a vacina e estou muito feliz com a avan\u00e7o da campanha na minha cidade. Tenho certeza de que em breve tudo voltar\u00e1 ao normal\u201d, contou o morador do Centro de Japeri.<\/p>\n<p class=\"has-text-align-justify\">Para se vacinar, basta ir em um dos sete postos de vacina\u00e7\u00e3o espalhados pela cidade, munido de identidade, CPF e comprovante de resid\u00eancia no pr\u00f3prio nome. Quem n\u00e3o possuir comprovante de resid\u00eancia no pr\u00f3prio nome, poder\u00e1 apresentar no nome dos pais ou c\u00f4njuge, desde que comprove o parentesco. Caso ainda n\u00e3o possua, orienta-se que a pessoa procure a Funda\u00e7\u00e3o Le\u00e3o XIII.<\/p>\n<p><strong>Os sete pontos de vacina\u00e7\u00e3o s\u00e3o:\u00a0<\/strong><\/p>\n<p>\u2013 Unidade Mista de Engenheiro Pedreira (Av. Tancredo Neves, s\/n\u00ba, Mucaj\u00e1 \u2013 Engenheiro Pedreira);<\/p>\n<p>\u2013 Japeri Centro (Rua: Arruda Negreiros,\u00a0s\/n\u00ba \u2013 Centro de Japeri);<\/p>\n<p>\u2013 USF Santa Am\u00e9lia (Rua Laura Cardoso, 61 \u2013 Santa Am\u00e9lia \u2013\u00a0Engenheiro Pedreira);<\/p>\n<p>\u2013 USF Delamare (Rua Pinar\u00e9, s\/n\u00ba \u00a0 \u2013 Jardim Delamare \u2013 Engenheiro Pedreira);<\/p>\n<p>\u2013 Academia da Sa\u00fade (Rua Francisco Russo, s\/n\u00ba, no bairro Areal \u2013 Engenheiro Pedreira);<\/p>\n<p>\u2013 USF Vila Central (Rua Clair Antunes, S\/N\u00ba \u2013 Vil,a Central \u2013 Engenheiro Pedreira);<\/p>\n<p>\u2013 USF Chacrinha (Rua Jo\u00e3o Salgado, Chacrinha, Japeri).<\/p>\n<!-- AddThis Advanced Settings generic via filter on the_content --><!-- AddThis Share Buttons generic via filter on the_content -->","protected":false},"excerpt":{"rendered":"<p>Nessa segunda-feira (26) a prefeitura de Japeri (RJ), sob a gest\u00e3o da prefeita Dr\u00ba Fernanda Ontiveros (PDT), deu um passo importante na Campanha de Vacina\u00e7\u00e3o contra Covid-19 no munic\u00edpio e se tornou o primeiro da Baixada Fluminense a incluir pessoas a partir de 18 anos no p\u00fablico-alvo. Ao todo, sete polos de imuniza\u00e7\u00e3o s\u00e3o mobilizados&#8230;<!-- AddThis Advanced Settings generic via filter on wp_trim_excerpt --><!-- AddThis Share Buttons generic via filter on wp_trim_excerpt --><\/p>\n","protected":false},"author":17,"featured_media":79110,"comment_status":"closed","ping_status":"closed","sticky":false,"template":"","format":"standard","meta":{"_monsterinsights_skip_tracking":false,"_monsterinsights_sitenote_active":false,"_monsterinsights_sitenote_note":"","_monsterinsights_sitenote_category":0,"_uf_show_specific_survey":0,"_uf_disable_surveys":false,"footnotes":""},"categories":[1390,1402],"tags":[4966,4782],"class_list":["post-79108","post","type-post","status-publish","format-standard","has-post-thumbnail","hentry","category-editorias","category-cidades","tag-dro-fernanda-ontiveros","tag-prefeitura-de-japeri-rj"],"acf":[],"_links":{"self":[{"href":"https:\/\/pdt-rj.org.br\/index.php\/wp-json\/wp\/v2\/posts\/79108","targetHints":{"allow":["GET"]}}],"collection":[{"href":"https:\/\/pdt-rj.org.br\/index.php\/wp-json\/wp\/v2\/posts"}],"about":[{"href":"https:\/\/pdt-rj.org.br\/index.php\/wp-json\/wp\/v2\/types\/post"}],"author":[{"embeddable":true,"href":"https:\/\/pdt-rj.org.br\/index.php\/wp-json\/wp\/v2\/users\/17"}],"replies":[{"embeddable":true,"href":"https:\/\/pdt-rj.org.br\/index.php\/wp-json\/wp\/v2\/comments?post=79108"}],"version-history":[{"count":4,"href":"https:\/\/pdt-rj.org.br\/index.php\/wp-json\/wp\/v2\/posts\/79108\/revisions"}],"predecessor-version":[{"id":79113,"href":"https:\/\/pdt-rj.org.br\/index.php\/wp-json\/wp\/v2\/posts\/79108\/revisions\/79113"}],"wp:featuredmedia":[{"embeddable":true,"href":"https:\/\/pdt-rj.org.br\/index.php\/wp-json\/wp\/v2\/media\/79110"}],"wp:attachment":[{"href":"https:\/\/pdt-rj.org.br\/index.php\/wp-json\/wp\/v2\/media?parent=79108"}],"wp:term":[{"taxonomy":"category","embeddable":true,"href":"https:\/\/pdt-rj.org.br\/index.php\/wp-json\/wp\/v2\/categories?post=79108"},{"taxonomy":"post_tag","embeddable":true,"href":"https:\/\/pdt-rj.org.br\/index.php\/wp-json\/wp\/v2\/tags?post=79108"}],"curies":[{"name":"wp","href":"https:\/\/api.w.org\/{rel}","templated":true}]}}