{"id":79083,"date":"2021-07-26T12:48:27","date_gmt":"2021-07-26T15:48:27","guid":{"rendered":"http:\/\/pdt-rj.org.br\/?p=79083"},"modified":"2021-07-26T12:48:27","modified_gmt":"2021-07-26T15:48:27","slug":"axel-grael-entrega-obras-de-investimento-em-lazer-na-comunidade-da-fazendinha-no-sape-rj","status":"publish","type":"post","link":"https:\/\/pdt-rj.org.br\/index.php\/axel-grael-entrega-obras-de-investimento-em-lazer-na-comunidade-da-fazendinha-no-sape-rj\/","title":{"rendered":"Axel Grael entrega obras de investimento em lazer na comunidade da Fazendinha, no Sap\u00ea (RJ)"},"content":{"rendered":"<p data-raofz=\"15\">Na manh\u00e3 da \u00faltima quarta-feira (21), o prefeito de Niter\u00f3i, Axel Grael (PDT-RJ), entregou as obras de uma \u00e1rea de lazer na comunidade da Fazendinha, no Sap\u00ea, regi\u00e3o de Pendotiba. O novo espa\u00e7o conta com campo de futebol com alambrado e vesti\u00e1rios, academia da terceira idade, churrasqueira, mesas e cadeiras e ilumina\u00e7\u00e3o.<\/p>\n<p data-raofz=\"15\">Axel Grael conversou com os moradores e destacou que a Prefeitura vai continuar trabalhando para ampliar a infraestrutura na regi\u00e3o.<\/p>\n<p data-raofz=\"15\">\u201cEntregamos hoje esse espa\u00e7o importante para a comunidade, todo revitalizado, e vamos continuar trazendo obras de infraestrutura para a regi\u00e3o de Pendotiba. A drenagem e pavimenta\u00e7\u00e3o j\u00e1 est\u00e3o entre as prioridades\u201d, afirmou.<\/p>\n<p data-raofz=\"15\">Axel Grael ressaltou que, por um ano e meio, durante a pandemia, a Prefeitura de Niter\u00f3i fez um grande esfor\u00e7o para manter programas sociais e econ\u00f4micos de apoio \u00e0 popula\u00e7\u00e3o e deu continuidade \u00e0s obras.<\/p>\n<p data-raofz=\"15\">\u201cNenhuma outra cidade fez o que Niter\u00f3i fez. Seguiremos focados no grande desafio de superar esta crise, sem deixar de olhar para os demais anseios da popula\u00e7\u00e3o. Vamos continuar avan\u00e7ando com as melhorias, num novo ciclo de investimentos para as comunidades e regi\u00f5es que mais precisam\u201d, pontuou.<\/p>\n<p data-raofz=\"15\">O presidente da Associa\u00e7\u00e3o de Moradores da Fazendinha, Marcelo de Azevedo Dias, e o vice-presidente, Thiago Costa dos Santos, falaram da import\u00e2ncia do novo espa\u00e7o para a comunidade.<\/p>\n<p data-raofz=\"15\">\u201cN\u00f3s estamos muito felizes com esse espa\u00e7o. Nossas crian\u00e7as poder\u00e3o praticar esportes, como futebol, capoeira, carat\u00ea e jiu jitsu\u201d, disse Marcelo. \u201cAgora temos um espa\u00e7o de lazer para atender nossa comunidade e vamos nos unir para cuidar muito bem dele\u201d, acrescentou Thiago.<\/p>\n<p data-raofz=\"15\">Morador da Fazendinha desde que nasceu, Thales Pereira dos Santos, de 22 anos, participou da abertura do campo de futebol e comemorou a conquista do novo espa\u00e7o.<\/p>\n<p data-raofz=\"15\">\u201cAntes, as crian\u00e7as jogavam bola na rua, n\u00e3o tinham onde brincar. A Prefeitura criou esse espa\u00e7o, que atende as crian\u00e7as e jovens e tamb\u00e9m aos idosos, com a \u00e1rea para exerc\u00edcios, espa\u00e7o de integra\u00e7\u00e3o entre todos. Essa obra trouxe alegria para a nossa comunidade\u201d, afirmou.<\/p>\n<!-- AddThis Advanced Settings generic via filter on the_content --><!-- AddThis Share Buttons generic via filter on the_content -->","protected":false},"excerpt":{"rendered":"<p>Na manh\u00e3 da \u00faltima quarta-feira (21), o prefeito de Niter\u00f3i, Axel Grael (PDT-RJ), entregou as obras de uma \u00e1rea de lazer na comunidade da Fazendinha, no Sap\u00ea, regi\u00e3o de Pendotiba. O novo espa\u00e7o conta com campo de futebol com alambrado e vesti\u00e1rios, academia da terceira idade, churrasqueira, mesas e cadeiras e ilumina\u00e7\u00e3o. Axel Grael conversou&#8230;<!-- AddThis Advanced Settings generic via filter on wp_trim_excerpt --><!-- AddThis Share Buttons generic via filter on wp_trim_excerpt --><\/p>\n","protected":false},"author":17,"featured_media":79084,"comment_status":"closed","ping_status":"closed","sticky":false,"template":"","format":"standard","meta":{"_monsterinsights_skip_tracking":false,"_monsterinsights_sitenote_active":false,"_monsterinsights_sitenote_note":"","_monsterinsights_sitenote_category":0,"_uf_show_specific_survey":0,"_uf_disable_surveys":false,"footnotes":""},"categories":[1390,1402],"tags":[4025,4955,4545],"class_list":["post-79083","post","type-post","status-publish","format-standard","has-post-thumbnail","hentry","category-editorias","category-cidades","tag-axel-grael","tag-comunidade-da-fazendinha","tag-prefeitura-de-niteroi-rj"],"acf":[],"_links":{"self":[{"href":"https:\/\/pdt-rj.org.br\/index.php\/wp-json\/wp\/v2\/posts\/79083","targetHints":{"allow":["GET"]}}],"collection":[{"href":"https:\/\/pdt-rj.org.br\/index.php\/wp-json\/wp\/v2\/posts"}],"about":[{"href":"https:\/\/pdt-rj.org.br\/index.php\/wp-json\/wp\/v2\/types\/post"}],"author":[{"embeddable":true,"href":"https:\/\/pdt-rj.org.br\/index.php\/wp-json\/wp\/v2\/users\/17"}],"replies":[{"embeddable":true,"href":"https:\/\/pdt-rj.org.br\/index.php\/wp-json\/wp\/v2\/comments?post=79083"}],"version-history":[{"count":1,"href":"https:\/\/pdt-rj.org.br\/index.php\/wp-json\/wp\/v2\/posts\/79083\/revisions"}],"predecessor-version":[{"id":79085,"href":"https:\/\/pdt-rj.org.br\/index.php\/wp-json\/wp\/v2\/posts\/79083\/revisions\/79085"}],"wp:featuredmedia":[{"embeddable":true,"href":"https:\/\/pdt-rj.org.br\/index.php\/wp-json\/wp\/v2\/media\/79084"}],"wp:attachment":[{"href":"https:\/\/pdt-rj.org.br\/index.php\/wp-json\/wp\/v2\/media?parent=79083"}],"wp:term":[{"taxonomy":"category","embeddable":true,"href":"https:\/\/pdt-rj.org.br\/index.php\/wp-json\/wp\/v2\/categories?post=79083"},{"taxonomy":"post_tag","embeddable":true,"href":"https:\/\/pdt-rj.org.br\/index.php\/wp-json\/wp\/v2\/tags?post=79083"}],"curies":[{"name":"wp","href":"https:\/\/api.w.org\/{rel}","templated":true}]}}