{"id":79079,"date":"2021-07-24T13:46:20","date_gmt":"2021-07-24T16:46:20","guid":{"rendered":"http:\/\/pdt-rj.org.br\/?p=79079"},"modified":"2021-09-20T19:03:23","modified_gmt":"2021-09-20T22:03:23","slug":"atuacao-parlamentar-em-defesa-da-democracia-e-da-gestao-responsavel","status":"publish","type":"post","link":"https:\/\/pdt-rj.org.br\/index.php\/atuacao-parlamentar-em-defesa-da-democracia-e-da-gestao-responsavel\/","title":{"rendered":"Atua\u00e7\u00e3o parlamentar em defesa da democracia e da gest\u00e3o respons\u00e1vel"},"content":{"rendered":"<h3><em>No Caf\u00e9 com Lupi, os deputados Afonso Motta e Reginaldo Veras falaram sobre os seus mandatos<\/em><\/h3>\n<p>&nbsp;<\/p>\n<p>Neste s\u00e1bado (24), o Caf\u00e9 com Lupi se voltou para a atua\u00e7\u00e3o parlamentar, tanto em \u00e2mbito nacional quanto no do Distrito Federal. Para conversar com Carlos Lupi, presidente nacional do PDT, foram convidados o deputado federal Afonso Motta e o deputado distrital Reginaldo Veras. O programa girou em torno da atividade nos diferentes parlamentos em um per\u00edodo t\u00e3o delicado quanto o que vive o pa\u00eds.<\/p>\n<p>Logo de in\u00edcio, Afonso Motta falou sobre o agravamento da tens\u00e3o pol\u00edtica no pa\u00eds, gerada pelo governo \u201cautorit\u00e1rio e genocida\u201d \u2013 como definiu \u2013 de Jair Bolsonaro e impulsionada pelo retorno de Lula \u00e0 cena eleitoral, o que tem limitado o debate pol\u00edtico. \u201cVivemos um momento de grande tensionamento no pa\u00eds, que vem se agravando e leva a uma radicaliza\u00e7\u00e3o que afeta a todos\u201d, afirmou o deputado federal.<\/p>\n<p>Devido ao cen\u00e1rio nacional, sua atua\u00e7\u00e3o na C\u00e2mara dos Deputados acaba tendo como prioridade quest\u00f5es que j\u00e1 deveriam estar consolidadas no pa\u00eds. \u201cNossa bandeira maior \u00e9 a Educa\u00e7\u00e3o? \u00c9, mas antes vem a vida institucional do pa\u00eds e disso eu n\u00e3o me afasto um mil\u00edmetro. N\u00f3s somos defensores intransigentes da Democracia, da Constitui\u00e7\u00e3o e do Estado Democr\u00e1tico de Direito. Esse \u00e9 o conte\u00fado principal e essencial do exerc\u00edcio do nosso mandato\u201d, explicou Afonso.<\/p>\n<p>Na C\u00e2mara Legislativa do Distrito Federal, o tamb\u00e9m professor Reginaldo Veras atua como oposi\u00e7\u00e3o ao governo local chefiado por Ibaneis Rocha. De sua posi\u00e7\u00e3o, o distrital denuncia a terceiriza\u00e7\u00e3o e a corrup\u00e7\u00e3o no sistema de Sa\u00fade do DF. Ele n\u00e3o poupa cr\u00edticas ao governador o qual classificou como omisso e n\u00e3o confi\u00e1vel.<\/p>\n<p>\u201cParte da Sa\u00fade do DF foi terceirizada, num processo de terceiriza\u00e7\u00e3o disfar\u00e7ado. Criou-se um instituto, este n\u00e3o se submete a Lei 8666 e pode contratar tanto pessoa quanto empresa sem passar pelo crivo da lei de contratos e licita\u00e7\u00f5es. Era algo criado no governo anterior que ele [Ibaneis], na campanha, disse que ia extinguir\u201d, come\u00e7ou a contar o deputado.<\/p>\n<p>\u201cPara a surpresa de todos, ele convocou a C\u00e2mara Legislativa durante o recesso para votar a amplia\u00e7\u00e3o do monstro que ele prometera extinguir. Uma pessoa dessa n\u00e3o merece confian\u00e7a. Hoje, esse tal Instituto de Gest\u00e3o Estrat\u00e9gica de Sa\u00fade \u00e9 um antro de corrup\u00e7\u00e3o. \u00c9 denuncia atr\u00e1s de den\u00fancia e o primeiro secret\u00e1rio de Sa\u00fade saiu preso\u201d, concluiu Veras.<\/p>\n<p>O Caf\u00e9 com Lupi tamb\u00e9m abordou outros assuntos como a recria\u00e7\u00e3o do Minist\u00e9rio do Trabalho. Lupi ainda falou sobre a a\u00e7\u00e3o enviada ao STF pedindo o fim da vota\u00e7\u00e3o remota de PECs na C\u00e2mara, onde o PDT defendeu voto presencial devido \u00e0 import\u00e2ncia dos temas e tendo em vista que 90% dos parlamentares j\u00e1 est\u00e3o imunizados.<\/p>\n<p>Confira o Caf\u00e9 com Lupi na \u00edntegra logo abaixo.<\/p>\n<p><iframe loading=\"lazy\" title=\"YouTube video player\" src=\"\/\/www.youtube.com\/embed\/4blRpwtZvwc\" width=\"956\" height=\"538\" frameborder=\"0\" allowfullscreen=\"allowfullscreen\"><\/iframe><\/p>\n<!-- AddThis Advanced Settings generic via filter on the_content --><!-- AddThis Share Buttons generic via filter on the_content -->","protected":false},"excerpt":{"rendered":"<p>No Caf\u00e9 com Lupi, os deputados Afonso Motta e Reginaldo Veras falaram sobre os seus mandatos &nbsp; Neste s\u00e1bado (24), o Caf\u00e9 com Lupi se voltou para a atua\u00e7\u00e3o parlamentar, tanto em \u00e2mbito nacional quanto no do Distrito Federal. Para conversar com Carlos Lupi, presidente nacional do PDT, foram convidados o deputado federal Afonso Motta&#8230;<!-- AddThis Advanced Settings generic via filter on wp_trim_excerpt --><!-- AddThis Share Buttons generic via filter on wp_trim_excerpt --><\/p>\n","protected":false},"author":17,"featured_media":79080,"comment_status":"closed","ping_status":"closed","sticky":false,"template":"","format":"standard","meta":{"_monsterinsights_skip_tracking":false,"_monsterinsights_sitenote_active":false,"_monsterinsights_sitenote_note":"","_monsterinsights_sitenote_category":0,"_uf_show_specific_survey":0,"_uf_disable_surveys":false,"footnotes":""},"categories":[1390,975,1401],"tags":[96,3695,183,4954,196,1597],"class_list":["post-79079","post","type-post","status-publish","format-standard","has-post-thumbnail","hentry","category-editorias","category-manchete","category-nacional","tag-afonso-motta","tag-cafe-com-lupi","tag-camara-dos-deputados","tag-camara-legislativa-do-df","tag-carlos-lupi","tag-reginaldo-veras"],"acf":[],"_links":{"self":[{"href":"https:\/\/pdt-rj.org.br\/index.php\/wp-json\/wp\/v2\/posts\/79079","targetHints":{"allow":["GET"]}}],"collection":[{"href":"https:\/\/pdt-rj.org.br\/index.php\/wp-json\/wp\/v2\/posts"}],"about":[{"href":"https:\/\/pdt-rj.org.br\/index.php\/wp-json\/wp\/v2\/types\/post"}],"author":[{"embeddable":true,"href":"https:\/\/pdt-rj.org.br\/index.php\/wp-json\/wp\/v2\/users\/17"}],"replies":[{"embeddable":true,"href":"https:\/\/pdt-rj.org.br\/index.php\/wp-json\/wp\/v2\/comments?post=79079"}],"version-history":[{"count":3,"href":"https:\/\/pdt-rj.org.br\/index.php\/wp-json\/wp\/v2\/posts\/79079\/revisions"}],"predecessor-version":[{"id":79934,"href":"https:\/\/pdt-rj.org.br\/index.php\/wp-json\/wp\/v2\/posts\/79079\/revisions\/79934"}],"wp:featuredmedia":[{"embeddable":true,"href":"https:\/\/pdt-rj.org.br\/index.php\/wp-json\/wp\/v2\/media\/79080"}],"wp:attachment":[{"href":"https:\/\/pdt-rj.org.br\/index.php\/wp-json\/wp\/v2\/media?parent=79079"}],"wp:term":[{"taxonomy":"category","embeddable":true,"href":"https:\/\/pdt-rj.org.br\/index.php\/wp-json\/wp\/v2\/categories?post=79079"},{"taxonomy":"post_tag","embeddable":true,"href":"https:\/\/pdt-rj.org.br\/index.php\/wp-json\/wp\/v2\/tags?post=79079"}],"curies":[{"name":"wp","href":"https:\/\/api.w.org\/{rel}","templated":true}]}}