{"id":79047,"date":"2021-07-20T02:25:51","date_gmt":"2021-07-20T05:25:51","guid":{"rendered":"http:\/\/pdt-rj.org.br\/?p=79047"},"modified":"2021-07-22T10:42:35","modified_gmt":"2021-07-22T13:42:35","slug":"nota-de-pesar-movimento-comunitario-trabalhista-lamenta-falecimento-de-mae-de-miguelina-vecchio","status":"publish","type":"post","link":"https:\/\/pdt-rj.org.br\/index.php\/nota-de-pesar-movimento-comunitario-trabalhista-lamenta-falecimento-de-mae-de-miguelina-vecchio\/","title":{"rendered":"Nota de pesar &#8211; Movimento Comunit\u00e1rio Trabalhista lamenta falecimento de m\u00e3e de Miguelina Vecchio"},"content":{"rendered":"<p style=\"text-align: center;\"><strong>NOTA DE PESAR <\/strong><\/p>\n<p><strong>\u00a0<\/strong><\/p>\n<p><strong>\u00a0<\/strong><strong>Bras\u00edlia, 20 de junho de 2021. \u00a0\u00a0\u00a0\u00a0\u00a0\u00a0 <\/strong><\/p>\n<p><strong>\u00a0\u00a0\u00a0\u00a0\u00a0\u00a0\u00a0\u00a0 \u00a0<\/strong><\/p>\n<p>O Movimento Comunit\u00e1rio Trabalhista, vem por meio desta\u00a0 apresentar o nosso profundo pesar pela morte de D.\u00a0 Carlinda, m\u00e3e de nossa companheira Miguelina Vecchio, vice-presidente nacional do PDT e presidente da A\u00e7\u00e3o da Mulher trabalhista (AMT),\u00a0 que faleceu nesta ter\u00e7a-feira, 20 de Junho de 2021 .<\/p>\n<p>A Dire\u00e7\u00e3o Nacional do movimento se solidariza com Miguelina e sua fam\u00edlia. S\u00e3o tempos dif\u00edceis para todos n\u00f3s.<\/p>\n<p>Que Deus conforte os cora\u00e7\u00f5es da fam\u00edlia e amigos neste momento t\u00e3o dif\u00edcil de perda;<strong><em>\u00a0<\/em><\/strong><\/p>\n<p><strong>\u00a0\u00a0\u00a0\u00a0\u00a0\u00a0\u00a0\u00a0\u00a0\u00a0\u00a0\u00a0\u00a0\u00a0\u00a0\u00a0\u00a0\u00a0\u00a0\u00a0\u00a0\u00a0\u00a0\u00a0\u00a0\u00a0\u00a0 <\/strong><\/p>\n<p style=\"text-align: center;\"><strong>Jordaci Mattos<\/strong><\/p>\n<p style=\"text-align: center;\"><strong>Presidente Nacional &#8211; MCT<\/strong><\/p>\n<!-- AddThis Advanced Settings generic via filter on the_content --><!-- AddThis Share Buttons generic via filter on the_content -->","protected":false},"excerpt":{"rendered":"<p>NOTA DE PESAR \u00a0 \u00a0Bras\u00edlia, 20 de junho de 2021. \u00a0\u00a0\u00a0\u00a0\u00a0\u00a0 \u00a0\u00a0\u00a0\u00a0\u00a0\u00a0\u00a0\u00a0 \u00a0 O Movimento Comunit\u00e1rio Trabalhista, vem por meio desta\u00a0 apresentar o nosso profundo pesar pela morte de D.\u00a0 Carlinda, m\u00e3e de nossa companheira Miguelina Vecchio, vice-presidente nacional do PDT e presidente da A\u00e7\u00e3o da Mulher trabalhista (AMT),\u00a0 que faleceu nesta ter\u00e7a-feira, 20 de&#8230;<!-- AddThis Advanced Settings generic via filter on wp_trim_excerpt --><!-- AddThis Share Buttons generic via filter on wp_trim_excerpt --><\/p>\n","protected":false},"author":17,"featured_media":66262,"comment_status":"closed","ping_status":"closed","sticky":false,"template":"","format":"standard","meta":{"_monsterinsights_skip_tracking":false,"_monsterinsights_sitenote_active":false,"_monsterinsights_sitenote_note":"","_monsterinsights_sitenote_category":0,"_uf_show_specific_survey":0,"_uf_disable_surveys":false,"footnotes":""},"categories":[1390,4076,1397],"tags":[4946,614],"class_list":["post-79047","post","type-post","status-publish","format-standard","has-post-thumbnail","hentry","category-editorias","category-movimento-comunitario-trabalhista-2","category-movimentos","tag-jordaci-mattos","tag-miguelina-vecchio"],"acf":[],"_links":{"self":[{"href":"https:\/\/pdt-rj.org.br\/index.php\/wp-json\/wp\/v2\/posts\/79047","targetHints":{"allow":["GET"]}}],"collection":[{"href":"https:\/\/pdt-rj.org.br\/index.php\/wp-json\/wp\/v2\/posts"}],"about":[{"href":"https:\/\/pdt-rj.org.br\/index.php\/wp-json\/wp\/v2\/types\/post"}],"author":[{"embeddable":true,"href":"https:\/\/pdt-rj.org.br\/index.php\/wp-json\/wp\/v2\/users\/17"}],"replies":[{"embeddable":true,"href":"https:\/\/pdt-rj.org.br\/index.php\/wp-json\/wp\/v2\/comments?post=79047"}],"version-history":[{"count":3,"href":"https:\/\/pdt-rj.org.br\/index.php\/wp-json\/wp\/v2\/posts\/79047\/revisions"}],"predecessor-version":[{"id":79052,"href":"https:\/\/pdt-rj.org.br\/index.php\/wp-json\/wp\/v2\/posts\/79047\/revisions\/79052"}],"wp:featuredmedia":[{"embeddable":true,"href":"https:\/\/pdt-rj.org.br\/index.php\/wp-json\/wp\/v2\/media\/66262"}],"wp:attachment":[{"href":"https:\/\/pdt-rj.org.br\/index.php\/wp-json\/wp\/v2\/media?parent=79047"}],"wp:term":[{"taxonomy":"category","embeddable":true,"href":"https:\/\/pdt-rj.org.br\/index.php\/wp-json\/wp\/v2\/categories?post=79047"},{"taxonomy":"post_tag","embeddable":true,"href":"https:\/\/pdt-rj.org.br\/index.php\/wp-json\/wp\/v2\/tags?post=79047"}],"curies":[{"name":"wp","href":"https:\/\/api.w.org\/{rel}","templated":true}]}}