{"id":79030,"date":"2021-07-19T22:54:02","date_gmt":"2021-07-20T01:54:02","guid":{"rendered":"http:\/\/pdt-rj.org.br\/?p=79030"},"modified":"2021-07-26T20:08:03","modified_gmt":"2021-07-26T23:08:03","slug":"pdt-aciona-stf-pelo-fim-de-votacao-remota-de-pec-na-camara","status":"publish","type":"post","link":"https:\/\/pdt-rj.org.br\/index.php\/pdt-aciona-stf-pelo-fim-de-votacao-remota-de-pec-na-camara\/","title":{"rendered":"PDT aciona STF pelo fim de vota\u00e7\u00e3o remota de PEC na C\u00e2mara"},"content":{"rendered":"<h3><em>ADPF ajuizada pelo partido argumenta que imuniza\u00e7\u00e3o dos grupos de risco possibilita encontros presenciais<\/em><\/h3>\n<p>&nbsp;<\/p>\n<p>O PDT acionou o Supremo Tribunal Federal (STF), nesta segunda-feira (19), para suspender as delibera\u00e7\u00f5es procedimentais referentes \u00e0s propostas de emenda \u00e0 Constitui\u00e7\u00e3o (PEC) que ocorrerem na modalidade remota. A Argui\u00e7\u00e3o de Descumprimento de Preceito Fundamental (ADPF) ajuizada pela legenda argumenta que, devido \u00e0 vacina\u00e7\u00e3o total dos grupos de risco, as discuss\u00f5es podem acontecer presencialmente.<\/p>\n<p>Desde o ano passado, devido a pandemia de Covid-19, as vota\u00e7\u00f5es tem acontecido virtualmente na C\u00e2mara. Com o avan\u00e7o da imuniza\u00e7\u00e3o, sess\u00f5es presenciais podem ser retomadas em casos espec\u00edficos. \u201cComo atualmente os grupos de risco j\u00e1 est\u00e3o imunizados, n\u00e3o h\u00e1 qualquer empecilho para que as delibera\u00e7\u00f5es da C\u00e2mara dos Deputados possam ser efetivadas na modalidade presencial, especificamente quando se tratar de vota\u00e7\u00e3o de proposta de emenda \u00e0 Constitui\u00e7\u00e3o e de temas complexos, que demandem a formaliza\u00e7\u00e3o de amplos debates\u201d, afirma o documento.<\/p>\n<p>Apesar de defender o encontro presencial para tratar da PECs e tema sens\u00edveis, o partido n\u00e3o recha\u00e7a o uso do ambiente virtual para deliberar demais assuntos. \u201cPor \u00f3bvio, n\u00e3o se est\u00e1 a incorrer em anacronismos em ordem a desconsiderar os avan\u00e7os que emergiram em rela\u00e7\u00e3o \u00e0s modalidades remotas de delibera\u00e7\u00e3o. At\u00e9 mesmo porque nada impede que se continue a utilizar o SDR [Sistema de Delibera\u00e7\u00e3o Remota] para a vota\u00e7\u00e3o de propostas menos complexas\u201d, afirma.<\/p>\n<p>A iniciativa do PDT recai sobre as PECs da reforma eleitoral e do voto imprenso, em debate na Casa. Se o pedido do partido for aceito pelo STF, essas pautas passar\u00e3o a ser deliberadas presencialmente.<\/p>\n<!-- AddThis Advanced Settings generic via filter on the_content --><!-- AddThis Share Buttons generic via filter on the_content -->","protected":false},"excerpt":{"rendered":"<p>ADPF ajuizada pelo partido argumenta que imuniza\u00e7\u00e3o dos grupos de risco possibilita encontros presenciais &nbsp; O PDT acionou o Supremo Tribunal Federal (STF), nesta segunda-feira (19), para suspender as delibera\u00e7\u00f5es procedimentais referentes \u00e0s propostas de emenda \u00e0 Constitui\u00e7\u00e3o (PEC) que ocorrerem na modalidade remota. A Argui\u00e7\u00e3o de Descumprimento de Preceito Fundamental (ADPF) ajuizada pela legenda&#8230;<!-- AddThis Advanced Settings generic via filter on wp_trim_excerpt --><!-- AddThis Share Buttons generic via filter on wp_trim_excerpt --><\/p>\n","protected":false},"author":17,"featured_media":35478,"comment_status":"closed","ping_status":"closed","sticky":false,"template":"","format":"standard","meta":{"_monsterinsights_skip_tracking":false,"_monsterinsights_sitenote_active":false,"_monsterinsights_sitenote_note":"","_monsterinsights_sitenote_category":0,"_uf_show_specific_survey":0,"_uf_disable_surveys":false,"footnotes":""},"categories":[1390,1459,976],"tags":[],"class_list":["post-79030","post","type-post","status-publish","format-standard","has-post-thumbnail","hentry","category-editorias","category-congresso","category-noticias-em-destaque"],"acf":[],"_links":{"self":[{"href":"https:\/\/pdt-rj.org.br\/index.php\/wp-json\/wp\/v2\/posts\/79030","targetHints":{"allow":["GET"]}}],"collection":[{"href":"https:\/\/pdt-rj.org.br\/index.php\/wp-json\/wp\/v2\/posts"}],"about":[{"href":"https:\/\/pdt-rj.org.br\/index.php\/wp-json\/wp\/v2\/types\/post"}],"author":[{"embeddable":true,"href":"https:\/\/pdt-rj.org.br\/index.php\/wp-json\/wp\/v2\/users\/17"}],"replies":[{"embeddable":true,"href":"https:\/\/pdt-rj.org.br\/index.php\/wp-json\/wp\/v2\/comments?post=79030"}],"version-history":[{"count":2,"href":"https:\/\/pdt-rj.org.br\/index.php\/wp-json\/wp\/v2\/posts\/79030\/revisions"}],"predecessor-version":[{"id":79098,"href":"https:\/\/pdt-rj.org.br\/index.php\/wp-json\/wp\/v2\/posts\/79030\/revisions\/79098"}],"wp:featuredmedia":[{"embeddable":true,"href":"https:\/\/pdt-rj.org.br\/index.php\/wp-json\/wp\/v2\/media\/35478"}],"wp:attachment":[{"href":"https:\/\/pdt-rj.org.br\/index.php\/wp-json\/wp\/v2\/media?parent=79030"}],"wp:term":[{"taxonomy":"category","embeddable":true,"href":"https:\/\/pdt-rj.org.br\/index.php\/wp-json\/wp\/v2\/categories?post=79030"},{"taxonomy":"post_tag","embeddable":true,"href":"https:\/\/pdt-rj.org.br\/index.php\/wp-json\/wp\/v2\/tags?post=79030"}],"curies":[{"name":"wp","href":"https:\/\/api.w.org\/{rel}","templated":true}]}}