{"id":78941,"date":"2021-07-14T17:37:29","date_gmt":"2021-07-14T20:37:29","guid":{"rendered":"http:\/\/pdt-rj.org.br\/?p=78941"},"modified":"2021-07-14T17:38:00","modified_gmt":"2021-07-14T20:38:00","slug":"sob-a-gestao-de-fernanda-ontiveros-prefeitura-de-japeri-rj-firma-parceria-de-cursos-de-qualificacao-profissional-a-populacao","status":"publish","type":"post","link":"https:\/\/pdt-rj.org.br\/index.php\/sob-a-gestao-de-fernanda-ontiveros-prefeitura-de-japeri-rj-firma-parceria-de-cursos-de-qualificacao-profissional-a-populacao\/","title":{"rendered":"Sob a gest\u00e3o de Fernanda Ontiveros, prefeitura de Japeri (RJ) firma parceria de cursos de qualifica\u00e7\u00e3o profissional \u00e0 popula\u00e7\u00e3o"},"content":{"rendered":"<p>Sob a dire\u00e7\u00e3o da prefeita Dr\u00aa Fernanda Ontiveros (PDT), a Prefeitura de Japeri (RJ), por meio da Secretaria Municipal de Educa\u00e7\u00e3o, assinou, nessa segunda-feira (12), um Acordo de Coopera\u00e7\u00e3o T\u00e9cnica com o Instituto Federal do Rio de Janeiro (IFRJ). A parceria render\u00e1 um n\u00facleo de capacita\u00e7\u00e3o profissional que funcionar\u00e1 dentro da Escola Estadual Armando Dias, no bairro Nova Bel\u00e9m.<\/p>\n<p>Com essa parceria firmada, Japeri ter\u00e1 um local que ir\u00e1 oferecer cursos de Forma\u00e7\u00e3o Inicial e Continuada (FIC), t\u00e9cnicos e profissionalizantes. A prefeita Dr\u00aa Fernanda Ontiveros, afirmou que o equipamento render\u00e1 bons frutos para educa\u00e7\u00e3o do munic\u00edpio.<\/p>\n<p>\u201cJaperi sempre viveu com esse estigma do sistema de educa\u00e7\u00e3o deficit\u00e1rio.\u00a0 A cidade tem os menores \u00edndices de Desenvolvimento Humano e de Educa\u00e7\u00e3o B\u00e1sica, e por muito tempo nada foi feito de forma eficaz para que esse quadro mudasse. Essa parceria firmada com o IFRJ render\u00e1 bons frutos para nossa popula\u00e7\u00e3o e para os nossos jovens que est\u00e3o come\u00e7ando a ser inseridos no mercado de trabalho\u201d, disse a gestora.<\/p>\n<p>A secret\u00e1ria Municipal de Educa\u00e7\u00e3o, Professora Caroline Ontiveros, comemorou a chegada desse conv\u00eanio e classificou como um grande marco para o segmento na regi\u00e3o.\u00a0\u201cPor muito tempo convivemos com esse legado negativo da cidade com um dos piores \u00edndices de educa\u00e7\u00e3o do Brasil. Aos poucos temos trabalhado para mudar esse cen\u00e1rio, trazendo novos projetos e oportunidades para nossa gente. Seguimos trabalhando\u201d, disse.<\/p>\n<p>Para o reitor do IFRJ, Rafael Almada, a implanta\u00e7\u00e3o do n\u00facleo \u00e9 uma forma de melhorar a vida dos japerienses. \u201c\u00c9 motivo de muito orgulho assinar esse termo com o munic\u00edpio, pois acreditamos no papel transformador da educa\u00e7\u00e3o e atrav\u00e9s do instituto a popula\u00e7\u00e3o de Japeri ter\u00e3o mais vantagens no mercado de trabalho\u201d, ressaltou.<\/p>\n<!-- AddThis Advanced Settings generic via filter on the_content --><!-- AddThis Share Buttons generic via filter on the_content -->","protected":false},"excerpt":{"rendered":"<p>Sob a dire\u00e7\u00e3o da prefeita Dr\u00aa Fernanda Ontiveros (PDT), a Prefeitura de Japeri (RJ), por meio da Secretaria Municipal de Educa\u00e7\u00e3o, assinou, nessa segunda-feira (12), um Acordo de Coopera\u00e7\u00e3o T\u00e9cnica com o Instituto Federal do Rio de Janeiro (IFRJ). A parceria render\u00e1 um n\u00facleo de capacita\u00e7\u00e3o profissional que funcionar\u00e1 dentro da Escola Estadual Armando Dias,&#8230;<!-- AddThis Advanced Settings generic via filter on wp_trim_excerpt --><!-- AddThis Share Buttons generic via filter on wp_trim_excerpt --><\/p>\n","protected":false},"author":17,"featured_media":78950,"comment_status":"closed","ping_status":"closed","sticky":false,"template":"","format":"standard","meta":{"_monsterinsights_skip_tracking":false,"_monsterinsights_sitenote_active":false,"_monsterinsights_sitenote_note":"","_monsterinsights_sitenote_category":0,"_uf_show_specific_survey":0,"_uf_disable_surveys":false,"footnotes":""},"categories":[1390,1402],"tags":[4250,4935,4782],"class_list":["post-78941","post","type-post","status-publish","format-standard","has-post-thumbnail","hentry","category-editorias","category-cidades","tag-fernanda-ontiveros","tag-instituto-federal-do-rio-de-janeiro","tag-prefeitura-de-japeri-rj"],"acf":[],"_links":{"self":[{"href":"https:\/\/pdt-rj.org.br\/index.php\/wp-json\/wp\/v2\/posts\/78941","targetHints":{"allow":["GET"]}}],"collection":[{"href":"https:\/\/pdt-rj.org.br\/index.php\/wp-json\/wp\/v2\/posts"}],"about":[{"href":"https:\/\/pdt-rj.org.br\/index.php\/wp-json\/wp\/v2\/types\/post"}],"author":[{"embeddable":true,"href":"https:\/\/pdt-rj.org.br\/index.php\/wp-json\/wp\/v2\/users\/17"}],"replies":[{"embeddable":true,"href":"https:\/\/pdt-rj.org.br\/index.php\/wp-json\/wp\/v2\/comments?post=78941"}],"version-history":[{"count":4,"href":"https:\/\/pdt-rj.org.br\/index.php\/wp-json\/wp\/v2\/posts\/78941\/revisions"}],"predecessor-version":[{"id":78953,"href":"https:\/\/pdt-rj.org.br\/index.php\/wp-json\/wp\/v2\/posts\/78941\/revisions\/78953"}],"wp:featuredmedia":[{"embeddable":true,"href":"https:\/\/pdt-rj.org.br\/index.php\/wp-json\/wp\/v2\/media\/78950"}],"wp:attachment":[{"href":"https:\/\/pdt-rj.org.br\/index.php\/wp-json\/wp\/v2\/media?parent=78941"}],"wp:term":[{"taxonomy":"category","embeddable":true,"href":"https:\/\/pdt-rj.org.br\/index.php\/wp-json\/wp\/v2\/categories?post=78941"},{"taxonomy":"post_tag","embeddable":true,"href":"https:\/\/pdt-rj.org.br\/index.php\/wp-json\/wp\/v2\/tags?post=78941"}],"curies":[{"name":"wp","href":"https:\/\/api.w.org\/{rel}","templated":true}]}}