{"id":78905,"date":"2021-07-12T11:10:38","date_gmt":"2021-07-12T14:10:38","guid":{"rendered":"http:\/\/pdt-rj.org.br\/?p=78905"},"modified":"2021-07-15T23:22:10","modified_gmt":"2021-07-16T02:22:10","slug":"fundacao-do-rio-e-centro-de-memoria-iniciam-campanha-trabalhismo-fez-e-faz","status":"publish","type":"post","link":"https:\/\/pdt-rj.org.br\/index.php\/fundacao-do-rio-e-centro-de-memoria-iniciam-campanha-trabalhismo-fez-e-faz\/","title":{"rendered":"Funda\u00e7\u00e3o do Rio do Janeiro e Centro de Mem\u00f3ria iniciam campanha \u201cTrabalhismo fez e faz\u201d"},"content":{"rendered":"<p style=\"font-weight: 400;\">Protagonista, transformador e nacionalista. H\u00e1 mais de 90 anos, a doutrina que guia o PDT ratifica seu compromisso com a soberania e o progresso social e econ\u00f4mico do Brasil. Para exaltar esse v\u00ednculo cont\u00ednuo, a Funda\u00e7\u00e3o Leonel Brizola &#8211; Alberto Pasqualini do Rio (FLB-AP\/RJ) e o Centro de Mem\u00f3ria Trabalhista (CMT) iniciaram, nesta segunda-feira (12), a campanha virtual\u00a0\u201cTrabalhismo fez e faz\u201d.<\/p>\n<p style=\"font-weight: 400;\">Pelas redes sociais, a a\u00e7\u00e3o integrada das organiza\u00e7\u00f5es pedetistas divulgar\u00e1 71 registros hist\u00f3ricos ao longo de dois meses. Em ordem cronol\u00f3gica a partir de 1930, o primeiro card abordar\u00e1 a cria\u00e7\u00e3o do Minist\u00e9rio do Trabalho, Ind\u00fastria e Com\u00e9rcio, que ocorreu no primeiro e revolucion\u00e1rio governo do presidente da Rep\u00fablica Get\u00falio Vargas. Em 1953, na segunda gest\u00e3o getulista, ocorreu a nomea\u00e7\u00e3o de Jo\u00e3o Goulart (Jango) para a pasta do Trabalho.<\/p>\n<p style=\"font-weight: 400;\">Ao longo das d\u00e9cadas, o trabalhismo permitiu ao pa\u00eds atingir os maiores \u00edndices de desenvolvimento. A conjuntura se concretizou pelo investimento priorit\u00e1rio em \u00e1reas consideradas essenciais, como educa\u00e7\u00e3o, trabalho, sa\u00fade, energia e economia.<\/p>\n<p style=\"font-weight: 400;\">Nas administra\u00e7\u00f5es federais de Vargas e Jango \u2013 presidente a partir de 1961 e deposto pelo golpe militar de 1964 \u2013, destacam-se as cria\u00e7\u00f5es de empresas estatais, como a Petrobras, Eletrobras, Vale do Rio Doce, bem como a promulga\u00e7\u00e3o de legisla\u00e7\u00f5es regulamentadoras, como a Consolida\u00e7\u00e3o das Leis do Trabalho (CLT) e a centraliza\u00e7\u00e3o p\u00fablica da explora\u00e7\u00e3o, produ\u00e7\u00e3o, refino e transporte do petr\u00f3leo brasileiro.<\/p>\n<p style=\"font-weight: 400;\"><strong>Brizola presente\u00a0<\/strong><\/p>\n<p style=\"font-weight: 400;\">Os governos de Leonel Brizola, nos estados do Rio Grande do Sul e Rio de Janeiro, foram respons\u00e1veis pelos maiores progressos do ensino p\u00fablico registrados no pa\u00eds. S\u00f3 entre 1959 e 1963, o gestor trabalhista viabilizou, pelo antigo PTB, a constru\u00e7\u00e3o de mais de seis mil escolas em todas as regi\u00f5es ga\u00fachas.<\/p>\n<p style=\"font-weight: 400;\">Entre as d\u00e9cadas de 80 e 90, j\u00e1 pelo PDT, Brizola implementou, em parceria com o soci\u00f3logo Darcy Ribeiro, o projeto fluminense dos Centros Integrados de Educa\u00e7\u00e3o P\u00fablica (CIEPs), que totalizaram mais de 500 unidades espalhadas pelos munic\u00edpios fluminenses.<\/p>\n<p style=\"font-weight: 400;\">Para o coordenador do CMT, Henrique Matthiesen, a iniciativa busca ratificar a representatividade constru\u00edda \u201cem prol da justi\u00e7a social\u201d e que contribui diretamente com o Projeto Nacional de Desenvolvimento (PND) do presidenci\u00e1vel Ciro Gomes.<\/p>\n<p style=\"font-weight: 400;\">\u201cO PDT mostra coer\u00eancia ao n\u00e3o s\u00f3 valorizar o legado trabalhista, como tamb\u00e9m coloc\u00e1-lo como balizador do projeto pedetista para as elei\u00e7\u00f5es de 2022. \u00c9 a sa\u00edda respons\u00e1vel para a retomada de um pa\u00eds gigante e capaz\u201d, explicou.<\/p>\n<p style=\"font-weight: 400;\">O secret\u00e1rio nacional de Criatividade e Inova\u00e7\u00e3o da Funda\u00e7\u00e3o Leonel Brizola \u2013 Alberto Pasqualini (FLB-AP), Leonardo Lupi, colocou os diferenciais trabalhistas como catalisadores do partido no pleito do pr\u00f3ximo ano.<\/p>\n<p style=\"font-weight: 400;\">\u201c\u00c9 fundamental lembrar os feitos e contribui\u00e7\u00f5es do trabalhismo para o Rio de Janeiro e todo o Brasil. A mem\u00f3ria \u00e9 importante para dar base \u00e0 nossa milit\u00e2ncia e ao nosso discurso para as pr\u00f3ximas elei\u00e7\u00f5es&#8221;, disse.<\/p>\n<p style=\"font-weight: 400;\">Para acompanhar as publica\u00e7\u00f5es, acesse os canais da\u00a0<a href=\"https:\/\/www.facebook.com\/FLBAPRIO\" data-saferedirecturl=\"https:\/\/www.google.com\/url?q=https:\/\/www.facebook.com\/FLBAPRIO&amp;source=gmail&amp;ust=1625959509297000&amp;usg=AFQjCNFkz_l3Qvy8BHgUk1JoEuLZovQl0Q\">Funda\u00e7\u00e3o<\/a>\u00a0e do\u00a0<a href=\"https:\/\/www.facebook.com\/CentroDeMemoriaTrabalhista\" data-saferedirecturl=\"https:\/\/www.google.com\/url?q=https:\/\/www.facebook.com\/CentroDeMemoriaTrabalhista&amp;source=gmail&amp;ust=1625959509297000&amp;usg=AFQjCNE33EUsuq_S4Cz4twpEuylkWWvkpQ\">CMT<\/a>.<\/p>\n<!-- AddThis Advanced Settings generic via filter on the_content --><!-- AddThis Share Buttons generic via filter on the_content -->","protected":false},"excerpt":{"rendered":"<p>Protagonista, transformador e nacionalista. H\u00e1 mais de 90 anos, a doutrina que guia o PDT ratifica seu compromisso com a soberania e o progresso social e econ\u00f4mico do Brasil. Para exaltar esse v\u00ednculo cont\u00ednuo, a Funda\u00e7\u00e3o Leonel Brizola &#8211; Alberto Pasqualini do Rio (FLB-AP\/RJ) e o Centro de Mem\u00f3ria Trabalhista (CMT) iniciaram, nesta segunda-feira (12),&#8230;<!-- AddThis Advanced Settings generic via filter on wp_trim_excerpt --><!-- AddThis Share Buttons generic via filter on wp_trim_excerpt --><\/p>\n","protected":false},"author":17,"featured_media":78908,"comment_status":"closed","ping_status":"closed","sticky":false,"template":"","format":"standard","meta":{"_monsterinsights_skip_tracking":false,"_monsterinsights_sitenote_active":false,"_monsterinsights_sitenote_note":"","_monsterinsights_sitenote_category":0,"_uf_show_specific_survey":0,"_uf_disable_surveys":false,"footnotes":""},"categories":[1390,3328,4549],"tags":[4929,4928,3140,220,4927,437,513,514,565,1525,1541,46],"class_list":["post-78905","post","type-post","status-publish","format-standard","has-post-thumbnail","hentry","category-editorias","category-flb-ap","category-memoria","tag-brizola-presente","tag-campanha-virtual-trabalhismo-fez-e-faz","tag-centro-de-memoria-trabalhista","tag-ciro-gomes","tag-flb-ap-rj","tag-getulio-vargas","tag-jango","tag-joao-goulart","tag-leonel-brizola","tag-ministerio-do-trabalho","tag-projeto-nacional-de-desenvolvimento","tag-trabalhismo"],"acf":[],"_links":{"self":[{"href":"https:\/\/pdt-rj.org.br\/index.php\/wp-json\/wp\/v2\/posts\/78905","targetHints":{"allow":["GET"]}}],"collection":[{"href":"https:\/\/pdt-rj.org.br\/index.php\/wp-json\/wp\/v2\/posts"}],"about":[{"href":"https:\/\/pdt-rj.org.br\/index.php\/wp-json\/wp\/v2\/types\/post"}],"author":[{"embeddable":true,"href":"https:\/\/pdt-rj.org.br\/index.php\/wp-json\/wp\/v2\/users\/17"}],"replies":[{"embeddable":true,"href":"https:\/\/pdt-rj.org.br\/index.php\/wp-json\/wp\/v2\/comments?post=78905"}],"version-history":[{"count":3,"href":"https:\/\/pdt-rj.org.br\/index.php\/wp-json\/wp\/v2\/posts\/78905\/revisions"}],"predecessor-version":[{"id":78922,"href":"https:\/\/pdt-rj.org.br\/index.php\/wp-json\/wp\/v2\/posts\/78905\/revisions\/78922"}],"wp:featuredmedia":[{"embeddable":true,"href":"https:\/\/pdt-rj.org.br\/index.php\/wp-json\/wp\/v2\/media\/78908"}],"wp:attachment":[{"href":"https:\/\/pdt-rj.org.br\/index.php\/wp-json\/wp\/v2\/media?parent=78905"}],"wp:term":[{"taxonomy":"category","embeddable":true,"href":"https:\/\/pdt-rj.org.br\/index.php\/wp-json\/wp\/v2\/categories?post=78905"},{"taxonomy":"post_tag","embeddable":true,"href":"https:\/\/pdt-rj.org.br\/index.php\/wp-json\/wp\/v2\/tags?post=78905"}],"curies":[{"name":"wp","href":"https:\/\/api.w.org\/{rel}","templated":true}]}}