{"id":78857,"date":"2021-07-07T13:14:06","date_gmt":"2021-07-07T16:14:06","guid":{"rendered":"http:\/\/pdt-rj.org.br\/?p=78857"},"modified":"2021-07-07T15:14:24","modified_gmt":"2021-07-07T18:14:24","slug":"vacinacao-avancando-em-todo-o-brasil-e-se-nao-tivesse-o-sus","status":"publish","type":"post","link":"https:\/\/pdt-rj.org.br\/index.php\/vacinacao-avancando-em-todo-o-brasil-e-se-nao-tivesse-o-sus\/","title":{"rendered":"Vacina\u00e7\u00e3o avan\u00e7ando em todo o Brasil. E se n\u00e3o tivesse o SUS?"},"content":{"rendered":"<p>Com todos os problemas, com os negacionismos de Estado e a falta de compromisso do governo Bolsonaro com a sa\u00fade p\u00fablica, com os profissionais de sa\u00fade e com a ci\u00eancia, a vacina\u00e7\u00e3o dos brasileiros contra a Covid-19 vai avan\u00e7ando. O Brasil j\u00e1 superou a marca de 107 milh\u00f5es de doses aplicadas. \u00c9 uma grande vit\u00f3ria do povo brasileiro!<\/p>\n<p>Milhares de profissionais de sa\u00fade hoje se esmeram para levar as vacinas ao m\u00e1ximo de pessoas poss\u00edvel. E isso tem feito o nosso povo, t\u00e3o sofrido e machucado por essa doen\u00e7a terr\u00edvel, voltar a sonhar com dias melhores.<\/p>\n<p>Mas uma pergunta fica no ar: &#8220;E se n\u00e3o tiv\u00e9ssemos o SUS, como seria?&#8221;<\/p>\n<p>O SUS \u00e9 uma conquista do povo brasileiro. Resultado de uma luta de d\u00e9cadas para universalizar a sa\u00fade no Brasil e n\u00e3o apenas &#8220;ofertar atendimento&#8221;, mas que fosse p\u00fablico, gratuito e de qualidade para todos. Os Constituintes de 1988 ouviram o clamor dos que sempre foram alijados do direito universal \u00e0 sa\u00fade.<\/p>\n<p>Sem o SUS, com certeza n\u00e3o ter\u00edamos condi\u00e7\u00f5es de imunizar um pa\u00eds desse tamanho, mesmo tendo profissionais para isso. Nunca um cidad\u00e3o dos sert\u00f5es do Nordeste ou dos beirad\u00f5es da Amaz\u00f4nia teria a possibilidade e a oportunidade em ter atendimento de sa\u00fade. Sem o SUS, n\u00e3o ter\u00edamos quaisquer programas de imuniza\u00e7\u00e3o e ainda ter\u00edamos que conviver com v\u00e1rias doen\u00e7as j\u00e1 erradicadas atrav\u00e9s das campanhas de vacina\u00e7\u00e3o, tanto para adultos quanto para crian\u00e7as, idosos e portadores de necessidades especiais. Sem o SUS, n\u00e3o ter\u00edamos o melhor programa de tratamento contra a AIDS do mundo. Sem o SUS, milhares de brasileiros ainda morreriam de tuberculose, da Doen\u00e7a de Chagas, entre outras enfermidades. Em suma, sem o SUS n\u00e3o ter\u00edamos sa\u00fade p\u00fablica, gratuita e de qualidade para mais de 210 milh\u00f5es de pessoas.<\/p>\n<p>Ainda h\u00e1 muito o que melhorar, pois a luta \u00e9 constante pelo fortalecimento do SUS como um todo. Faz-se necess\u00e1rio corrigir a tabela do SUS, melhorar a participa\u00e7\u00e3o da Uni\u00e3o no fomento do sistema e corrigir as distor\u00e7\u00f5es existentes. O SUS \u00e9 a maior arma que o Brasil tem contra aqueles que querem transformar a sa\u00fade em mercadoria.<\/p>\n<p>O Trabalhismo precisa abra\u00e7ar esta luta em defesa do Sistema \u00danico de Sa\u00fade. Defender e fortalecer o SUS \u00e9 dar, ao povo brasileiro, a sua dignidade devida. Sa\u00fade P\u00fablica \u00e9 um direito universal e o Brasil n\u00e3o pode negar isso ao seu povo, isso desde a medicina preventiva at\u00e9 a alta complexidade.<\/p>\n<p>Viva o SUS! Viva a Sa\u00fade P\u00fablica Brasileira! Viva os profissionais de sa\u00fade do Brasil! Viva a Ci\u00eancia Brasileira!<\/p>\n<p><strong><em>*Marcelo Barros \u00e9 membro do diret\u00f3rio nacional do PDT<\/em><\/strong><\/p>\n<!-- AddThis Advanced Settings generic via filter on the_content --><!-- AddThis Share Buttons generic via filter on the_content -->","protected":false},"excerpt":{"rendered":"<p>Com todos os problemas, com os negacionismos de Estado e a falta de compromisso do governo Bolsonaro com a sa\u00fade p\u00fablica, com os profissionais de sa\u00fade e com a ci\u00eancia, a vacina\u00e7\u00e3o dos brasileiros contra a Covid-19 vai avan\u00e7ando. O Brasil j\u00e1 superou a marca de 107 milh\u00f5es de doses aplicadas. \u00c9 uma grande vit\u00f3ria&#8230;<!-- AddThis Advanced Settings generic via filter on wp_trim_excerpt --><!-- AddThis Share Buttons generic via filter on wp_trim_excerpt --><\/p>\n","protected":false},"author":17,"featured_media":78859,"comment_status":"closed","ping_status":"closed","sticky":false,"template":"","format":"standard","meta":{"_monsterinsights_skip_tracking":false,"_monsterinsights_sitenote_active":false,"_monsterinsights_sitenote_note":"","_monsterinsights_sitenote_category":0,"_uf_show_specific_survey":0,"_uf_disable_surveys":false,"footnotes":""},"categories":[1584,1390],"tags":[859,900],"class_list":["post-78857","post","type-post","status-publish","format-standard","has-post-thumbnail","hentry","category-artigos","category-editorias","tag-saude-publica","tag-sus"],"acf":[],"_links":{"self":[{"href":"https:\/\/pdt-rj.org.br\/index.php\/wp-json\/wp\/v2\/posts\/78857","targetHints":{"allow":["GET"]}}],"collection":[{"href":"https:\/\/pdt-rj.org.br\/index.php\/wp-json\/wp\/v2\/posts"}],"about":[{"href":"https:\/\/pdt-rj.org.br\/index.php\/wp-json\/wp\/v2\/types\/post"}],"author":[{"embeddable":true,"href":"https:\/\/pdt-rj.org.br\/index.php\/wp-json\/wp\/v2\/users\/17"}],"replies":[{"embeddable":true,"href":"https:\/\/pdt-rj.org.br\/index.php\/wp-json\/wp\/v2\/comments?post=78857"}],"version-history":[{"count":2,"href":"https:\/\/pdt-rj.org.br\/index.php\/wp-json\/wp\/v2\/posts\/78857\/revisions"}],"predecessor-version":[{"id":78860,"href":"https:\/\/pdt-rj.org.br\/index.php\/wp-json\/wp\/v2\/posts\/78857\/revisions\/78860"}],"wp:featuredmedia":[{"embeddable":true,"href":"https:\/\/pdt-rj.org.br\/index.php\/wp-json\/wp\/v2\/media\/78859"}],"wp:attachment":[{"href":"https:\/\/pdt-rj.org.br\/index.php\/wp-json\/wp\/v2\/media?parent=78857"}],"wp:term":[{"taxonomy":"category","embeddable":true,"href":"https:\/\/pdt-rj.org.br\/index.php\/wp-json\/wp\/v2\/categories?post=78857"},{"taxonomy":"post_tag","embeddable":true,"href":"https:\/\/pdt-rj.org.br\/index.php\/wp-json\/wp\/v2\/tags?post=78857"}],"curies":[{"name":"wp","href":"https:\/\/api.w.org\/{rel}","templated":true}]}}