{"id":78853,"date":"2021-07-07T15:02:07","date_gmt":"2021-07-07T18:02:07","guid":{"rendered":"http:\/\/pdt-rj.org.br\/?p=78853"},"modified":"2021-07-07T15:02:07","modified_gmt":"2021-07-07T18:02:07","slug":"sob-gestao-de-jose-bonifacio-prefeitura-volta-a-ceder-maquinario-aos-produtores-rurais-de-cabo-frio-rj","status":"publish","type":"post","link":"https:\/\/pdt-rj.org.br\/index.php\/sob-gestao-de-jose-bonifacio-prefeitura-volta-a-ceder-maquinario-aos-produtores-rurais-de-cabo-frio-rj\/","title":{"rendered":"Sob gest\u00e3o de Jos\u00e9 Bonif\u00e1cio, prefeitura volta a ceder maquin\u00e1rio aos produtores rurais de Cabo Frio (RJ)"},"content":{"rendered":"<p>O munic\u00edpio de Cabo Frio (RJ), sob gest\u00e3o do prefeito Jos\u00e9 Bonif\u00e1cio (PDT), retomou com o Programa de Incentivo da Produ\u00e7\u00e3o Agropecu\u00e1ria Cabo-friense. A iniciativa consiste na cess\u00e3o de maquin\u00e1rio, com operador, para a realiza\u00e7\u00e3o de servi\u00e7os como gradagens, ro\u00e7adas, limpezas mecanizadas e nivelamentos.<\/p>\n<p>Para ter acesso ao servi\u00e7o, o produtor rural de Cabo Frio deve comparecer na Secretaria Municipal de Agricultura e Pesca, que fica na Fazenda Campos Novos (Rodovia Amaral Peixoto, km 123, pr\u00f3ximo \u00e0 entrada da Estrada da Integra\u00e7\u00e3o), em Tamoios, e fazer o cadastro de segunda a sexta-feira, das 8h \u00e0s 17h.<\/p>\n<p>De acordo com a secret\u00e1ria de Agricultura e Pesca, Katyuscia Brito, o agricultor que solicitar maquin\u00e1rio dever\u00e1 arcar com os custos do combust\u00edvel.<\/p>\n<p>\u201cMuitos pequenos produtores n\u00e3o t\u00eam acesso a maquin\u00e1rio. Ent\u00e3o, fazemos uma parceria com os produtores rurais em que a Prefeitura realiza a cess\u00e3o da m\u00e1quina com o operador para desempenhar os trabalhos nas propriedades rurais, e os produtores entram com a contrapartida da cobertura dos servi\u00e7os, com fornecimento do combust\u00edvel para que as m\u00e1quinas possam trabalhar. O maquin\u00e1rio solicitado ser\u00e1 enviado aos locais de trabalho conforme cronograma de atendimento\u201d, explica a secret\u00e1ria.<\/p>\n<p>A a\u00e7\u00e3o, de acordo com Katyuscia Brito, tamb\u00e9m est\u00e1 sendo realizada em parceria com a Secretaria Municipal de Obras e Servi\u00e7os P\u00fablicos, que vai realizar o servi\u00e7o planagem nas estradas vicinais do munic\u00edpio.<\/p>\n<!-- AddThis Advanced Settings generic via filter on the_content --><!-- AddThis Share Buttons generic via filter on the_content -->","protected":false},"excerpt":{"rendered":"<p>O munic\u00edpio de Cabo Frio (RJ), sob gest\u00e3o do prefeito Jos\u00e9 Bonif\u00e1cio (PDT), retomou com o Programa de Incentivo da Produ\u00e7\u00e3o Agropecu\u00e1ria Cabo-friense. A iniciativa consiste na cess\u00e3o de maquin\u00e1rio, com operador, para a realiza\u00e7\u00e3o de servi\u00e7os como gradagens, ro\u00e7adas, limpezas mecanizadas e nivelamentos. Para ter acesso ao servi\u00e7o, o produtor rural de Cabo Frio&#8230;<!-- AddThis Advanced Settings generic via filter on wp_trim_excerpt --><!-- AddThis Share Buttons generic via filter on wp_trim_excerpt --><\/p>\n","protected":false},"author":17,"featured_media":78854,"comment_status":"closed","ping_status":"closed","sticky":false,"template":"","format":"standard","meta":{"_monsterinsights_skip_tracking":false,"_monsterinsights_sitenote_active":false,"_monsterinsights_sitenote_note":"","_monsterinsights_sitenote_category":0,"_uf_show_specific_survey":0,"_uf_disable_surveys":false,"footnotes":""},"categories":[1390,1402],"tags":[],"class_list":["post-78853","post","type-post","status-publish","format-standard","has-post-thumbnail","hentry","category-editorias","category-cidades"],"acf":[],"_links":{"self":[{"href":"https:\/\/pdt-rj.org.br\/index.php\/wp-json\/wp\/v2\/posts\/78853","targetHints":{"allow":["GET"]}}],"collection":[{"href":"https:\/\/pdt-rj.org.br\/index.php\/wp-json\/wp\/v2\/posts"}],"about":[{"href":"https:\/\/pdt-rj.org.br\/index.php\/wp-json\/wp\/v2\/types\/post"}],"author":[{"embeddable":true,"href":"https:\/\/pdt-rj.org.br\/index.php\/wp-json\/wp\/v2\/users\/17"}],"replies":[{"embeddable":true,"href":"https:\/\/pdt-rj.org.br\/index.php\/wp-json\/wp\/v2\/comments?post=78853"}],"version-history":[{"count":1,"href":"https:\/\/pdt-rj.org.br\/index.php\/wp-json\/wp\/v2\/posts\/78853\/revisions"}],"predecessor-version":[{"id":78855,"href":"https:\/\/pdt-rj.org.br\/index.php\/wp-json\/wp\/v2\/posts\/78853\/revisions\/78855"}],"wp:featuredmedia":[{"embeddable":true,"href":"https:\/\/pdt-rj.org.br\/index.php\/wp-json\/wp\/v2\/media\/78854"}],"wp:attachment":[{"href":"https:\/\/pdt-rj.org.br\/index.php\/wp-json\/wp\/v2\/media?parent=78853"}],"wp:term":[{"taxonomy":"category","embeddable":true,"href":"https:\/\/pdt-rj.org.br\/index.php\/wp-json\/wp\/v2\/categories?post=78853"},{"taxonomy":"post_tag","embeddable":true,"href":"https:\/\/pdt-rj.org.br\/index.php\/wp-json\/wp\/v2\/tags?post=78853"}],"curies":[{"name":"wp","href":"https:\/\/api.w.org\/{rel}","templated":true}]}}