{"id":78849,"date":"2021-07-07T12:44:35","date_gmt":"2021-07-07T15:44:35","guid":{"rendered":"http:\/\/pdt-rj.org.br\/?p=78849"},"modified":"2021-07-07T12:44:35","modified_gmt":"2021-07-07T15:44:35","slug":"niteroi-rj-vai-vacinar-toda-populacao-acima-de-18-anos-ate-agosto","status":"publish","type":"post","link":"https:\/\/pdt-rj.org.br\/index.php\/niteroi-rj-vai-vacinar-toda-populacao-acima-de-18-anos-ate-agosto\/","title":{"rendered":"Niter\u00f3i (RJ) vai vacinar toda popula\u00e7\u00e3o acima de 18 anos at\u00e9 agosto"},"content":{"rendered":"<p dir=\"auto\">A Prefeitura de Niter\u00f3i, administrada pelo prefeito Axel Grael (PDT), vai acelerar a vacina\u00e7\u00e3o contra Covid-19 para a popula\u00e7\u00e3o geral. Na \u00faltima ter\u00e7a-feira (06), pessoas a partir de 39 anos puderam receber o imunizante. Nesta quarta-feira (07), \u00e9 a vez de quem tem a partir de 38 anos. O calend\u00e1rio de julho vai seguir em dois dias por idade, chegando at\u00e9 o final deste m\u00eas na popula\u00e7\u00e3o a partir de 28 anos. A imuniza\u00e7\u00e3o em agosto tamb\u00e9m ser\u00e1 acelerada, chegando em 18 anos at\u00e9 o dia 23.<\/p>\n<p dir=\"auto\">Mais de 58% da popula\u00e7\u00e3o total de Niter\u00f3i j\u00e1 recebeu a primeira dose da vacina.\u00a0Considerando\u00a0apenas\u00a0as pessoas acima de 18 anos (p\u00fablico\u00a0vacin\u00e1vel),\u00a0o\u00a0<wbr \/>percentual de aplica\u00e7\u00e3o\u00a0da primeira dose \u00e9 de mais de 73%.<\/p>\n<p>O munic\u00edpio j\u00e1 concluiu a vacina\u00e7\u00e3o com a primeira dose contra a Covid-19 dos grupos priorit\u00e1rios definidos pelo Minist\u00e9rio da Sa\u00fade (MS). Nesse momento, al\u00e9m da popula\u00e7\u00e3o geral que segue sendo imunizada por idade, pessoas com comorbidades, gestantes, pu\u00e9rperas e lactantes maiores de 18 anos tamb\u00e9m podem se vacinar.<\/p>\n<p>O secret\u00e1rio municipal de Sa\u00fade, Rodrigo Oliveira, explica que Niter\u00f3i programa o calend\u00e1rio de vacina\u00e7\u00e3o de acordo com o n\u00famero de doses recebidas pelo Minist\u00e9rio da Sa\u00fade.<\/p>\n<p>\u201cAvan\u00e7amos bastante na vacina\u00e7\u00e3o aqui em Niter\u00f3i e estamos com boa cobertura vacinal. Completamos a imuniza\u00e7\u00e3o da primeira dose dos grupos priorit\u00e1rios e j\u00e1 imunizamos mais de 73% das pessoas acima de 18 anos com a primeira dose. Sempre que poss\u00edvel aceleramos o calend\u00e1rio, mas para isso \u00e9 necess\u00e1rio avaliar o n\u00famero de doses recebidas\u201d, destaca o secret\u00e1rio.<\/p>\n<p dir=\"auto\"><strong>Agendamento<\/strong><\/p>\n<p dir=\"auto\">Os moradores de Niter\u00f3i podem agendar pelo aplicativo Colab a vacina\u00e7\u00e3o contra Covid-19 em todos os postos da cidade. Para realizar o agendamento da vacina basta baixar o aplicativo Colab, que est\u00e1 dispon\u00edvel gratuitamente na Play Store (Android) e App Store (iOS), e realizar o passo a passo de cadastro. \u00c9 necess\u00e1rio estar dentro da idade e apresentar a documenta\u00e7\u00e3o para receber a imuniza\u00e7\u00e3o. Tamb\u00e9m \u00e9 poss\u00edvel agendar pelo site\u00a0<a href=\"http:\/\/www.niteroi.rj.gov.br\/agendamentovacina\" target=\"_blank\" rel=\"noopener noreferrer\" data-saferedirecturl=\"https:\/\/www.google.com\/url?q=http:\/\/www.niteroi.rj.gov.br\/agendamentovacina&amp;source=gmail&amp;ust=1625758167329000&amp;usg=AFQjCNEAEGrxQmBXb0r4ccUfsbuNIqiAiQ\">www.niteroi.rj.gov.br\/<wbr \/>agendamentovacina<\/a>.<\/p>\n<p>Confira o calend\u00e1rio atualizado de vacina\u00e7\u00e3o contra a Covid-19 em Niter\u00f3i<\/p>\n<p><strong>Julho<\/strong>:<\/p>\n<p>05, 06\/07- a partir de 39 anos<\/p>\n<p>07 e 08\/07- a partir de 38 anos<\/p>\n<p>09 e 10\/07 \u2013 a partir de 37 anos<\/p>\n<p>12 e 13\/07 \u2013 a partir de 36 anos<\/p>\n<p>14 e 15\/07- a partir de 35 anos<\/p>\n<p>16 e 17\/07 \u2013 a partir de 34 anos<\/p>\n<p>19 e 20\/07 \u2013 a partir de 33 anos<\/p>\n<p>21 e 22\/07 \u2013 a partir de 32 anos<\/p>\n<p>23 e 24\/07 \u2013 a partir de 31 anos<\/p>\n<p>26 e 27\/07- a partir de 30 anos<\/p>\n<p>28 e 29\/07 \u2013 a partir de 29 anos<\/p>\n<p>30 e 31\/07 \u2013 a partir de 28 anos<\/p>\n<p><strong>Agosto<\/strong>:<\/p>\n<p>02 e 03\/08 \u2013 a partir de 27 anos<\/p>\n<p>04 e 05\/08 \u2013 a partir de 26 anos<\/p>\n<p>06 e 07\/08 \u2013 a partir de 25 anos<\/p>\n<p>09 e 10\/08 \u2013 a partir de 24 anos<\/p>\n<p>11 e 12\/08 \u2013 a partir de 23 anos<\/p>\n<p>13 e 14\/08 \u2013 a partir de 22 anos<\/p>\n<p>16 e 17\/08 \u2013 a partir de 21 anos<\/p>\n<p>18 e 19\/08 \u2013 a partir de 20 anos<\/p>\n<p>20 e 21\/08 \u2013 a partir de 19 anos<\/p>\n<p>22 e 23\/08 \u2013 a partir de 18 anos<\/p>\n<p><strong>Documenta\u00e7\u00e3o<\/strong>:<\/p>\n<p>Popula\u00e7\u00e3o geral: Identidade com foto, CPF e comprovante de resid\u00eancia.<\/p>\n<p>Comorbidades: Identidade com foto, CPF e comprovante de resid\u00eancia e laudo m\u00e9dico atualizado.<\/p>\n<p>Gestantes: Identidade com foto, CPF e comprovante de resid\u00eancia. \u00c9 necess\u00e1rio laudo m\u00e9dico nos primeiros est\u00e1gios da gravidez.<\/p>\n<p>Pu\u00e9rperas: \u00a0Identidade com foto, CPF e comprovante de resid\u00eancia e certid\u00e3o de nascimento do beb\u00ea.<\/p>\n<p>Lactantes: Identidade com foto, CPF, comprovante de resid\u00eancia e laudo m\u00e9dico que comprove a amamenta\u00e7\u00e3o.<\/p>\n<p><strong>Locais de vacina\u00e7\u00e3o:<\/strong><\/p>\n<p>Policl\u00ednica S\u00e9rgio Arouca \u2013 Rua Vital Brazil Filho, s\/n\u00ba \u2013 Vital Brazil.<\/p>\n<p>Policl\u00ednica Dr. Jo\u00e3o da Silva Vizella \u2013\u00a0<a href=\"https:\/\/www.google.com\/maps\/search\/Rua+Luiz+Palmier,+726+%E2%80%93+Barreto?entry=gmail&amp;source=g\" target=\"_blank\" rel=\"noopener noreferrer\" data-saferedirecturl=\"https:\/\/www.google.com\/url?q=https:\/\/www.google.com\/maps\/search\/Rua%2BLuiz%2BPalmier,%2B726%2B%25E2%2580%2593%2BBarreto?entry%3Dgmail%26source%3Dg&amp;source=gmail&amp;ust=1625758167329000&amp;usg=AFQjCNH1YSSh7bIXblpAHZrn3s1YAFo-3w\">Rua Luiz Palmier, 726 \u2013 Barreto<\/a>.<\/p>\n<p>Policl\u00ednica Regional de Itaipu \u2013 Avenida Irene Lopes Sodr\u00e9 \u2013 Itaipu.<\/p>\n<p>Policl\u00ednica Regional Carlos Ant\u00f4nio da Silva \u2013 Avenida Jansen de Melo, s\/n\u00ba \u2013 S\u00e3o Louren\u00e7o.<\/p>\n<p>Policl\u00ednica Regional Doutor Guilherme Taylor March \u2013\u00a0<a href=\"https:\/\/www.google.com\/maps\/search\/R.+Desembargador+Lima+Castro,+238+%E2%80%93+Fonseca?entry=gmail&amp;source=g\" target=\"_blank\" rel=\"noopener noreferrer\" data-saferedirecturl=\"https:\/\/www.google.com\/url?q=https:\/\/www.google.com\/maps\/search\/R.%2BDesembargador%2BLima%2BCastro,%2B238%2B%25E2%2580%2593%2BFonseca?entry%3Dgmail%26source%3Dg&amp;source=gmail&amp;ust=1625758167329000&amp;usg=AFQjCNFoNhkCSwVqaM5x20-eZylJ5GQ3sQ\">R. Desembargador Lima Castro, 238 \u2013 Fonseca<\/a>.<\/p>\n<p>Policl\u00ednica Regional de Piratininga Dom Lu\u00eds Orione \u2013\u00a0<a href=\"https:\/\/www.google.com\/maps\/search\/Rua+Dr.+Marcolino+Gomes+Candau,+111%E2%80%93+Piratininga?entry=gmail&amp;source=g\" target=\"_blank\" rel=\"noopener noreferrer\" data-saferedirecturl=\"https:\/\/www.google.com\/url?q=https:\/\/www.google.com\/maps\/search\/Rua%2BDr.%2BMarcolino%2BGomes%2BCandau,%2B111%25E2%2580%2593%2BPiratininga?entry%3Dgmail%26source%3Dg&amp;source=gmail&amp;ust=1625758167329000&amp;usg=AFQjCNFNjNFmtDBZsHTcjKL1SoAN4mj1Eg\">Rua Dr. Marcolino Gomes Candau, 111\u2013 Piratininga<\/a>.<\/p>\n<p>Policl\u00ednica Regional Dr. Renato Silva \u2013 Avenida Jo\u00e3o Brasil, s\/n\u00ba \u2013 Engenhoca.<\/p>\n<p>Drive thru na Universidade Federal Fluminense \u2013 Campus Gragoat\u00e1 \u2013\u00a0<a href=\"https:\/\/www.google.com\/maps\/search\/Rua+Alexandre+Moura,+8+%E2%80%93+S%C3%A3o+Domingos?entry=gmail&amp;source=g\" target=\"_blank\" rel=\"noopener noreferrer\" data-saferedirecturl=\"https:\/\/www.google.com\/url?q=https:\/\/www.google.com\/maps\/search\/Rua%2BAlexandre%2BMoura,%2B8%2B%25E2%2580%2593%2BS%25C3%25A3o%2BDomingos?entry%3Dgmail%26source%3Dg&amp;source=gmail&amp;ust=1625758167329000&amp;usg=AFQjCNEVM_n5coo1jsOdS33miv8-5GqRKg\">Rua Alexandre Moura, 8 \u2013 S\u00e3o Domingos<\/a>.<\/p>\n<p>Posto volante no Clube Central:\u00a0<a href=\"https:\/\/www.google.com\/maps\/search\/Av.+Jorn.+Alberto+Francisco+Torres,+335+%E2%80%93+Icara%C3%AD?entry=gmail&amp;source=g\" target=\"_blank\" rel=\"noopener noreferrer\" data-saferedirecturl=\"https:\/\/www.google.com\/url?q=https:\/\/www.google.com\/maps\/search\/Av.%2BJorn.%2BAlberto%2BFrancisco%2BTorres,%2B335%2B%25E2%2580%2593%2BIcara%25C3%25AD?entry%3Dgmail%26source%3Dg&amp;source=gmail&amp;ust=1625758167329000&amp;usg=AFQjCNGa-WDwCeO_cyHlfBJPGqCecQhRsw\">Av. Jorn. Alberto Francisco Torres, 335 \u2013 Icara\u00ed<\/a>.<\/p>\n<p>Posto volante no Gin\u00e1sio do Col\u00e9gio Gomes Pereira:\u00a0<a href=\"https:\/\/www.google.com\/maps\/search\/Rua+Nilo+de+Freitas,+40+%E2%80%93+Largo+da+Batalha?entry=gmail&amp;source=g\" target=\"_blank\" rel=\"noopener noreferrer\" data-saferedirecturl=\"https:\/\/www.google.com\/url?q=https:\/\/www.google.com\/maps\/search\/Rua%2BNilo%2Bde%2BFreitas,%2B40%2B%25E2%2580%2593%2BLargo%2Bda%2BBatalha?entry%3Dgmail%26source%3Dg&amp;source=gmail&amp;ust=1625758167329000&amp;usg=AFQjCNGBsvYnKdFANoSTYhGqJ6ixSh09sA\">Rua Nilo de Freitas, 40 \u2013 Largo da Batalha<\/a>.<\/p>\n<p>Posto volante no Campo de S\u00e3o Bento: Centro Cultural Paschoal Carlos Magno \u2013 Icara\u00ed.<\/p>\n<!-- AddThis Advanced Settings generic via filter on the_content --><!-- AddThis Share Buttons generic via filter on the_content -->","protected":false},"excerpt":{"rendered":"<p>A Prefeitura de Niter\u00f3i, administrada pelo prefeito Axel Grael (PDT), vai acelerar a vacina\u00e7\u00e3o contra Covid-19 para a popula\u00e7\u00e3o geral. Na \u00faltima ter\u00e7a-feira (06), pessoas a partir de 39 anos puderam receber o imunizante. Nesta quarta-feira (07), \u00e9 a vez de quem tem a partir de 38 anos. O calend\u00e1rio de julho vai seguir em&#8230;<!-- AddThis Advanced Settings generic via filter on wp_trim_excerpt --><!-- AddThis Share Buttons generic via filter on wp_trim_excerpt --><\/p>\n","protected":false},"author":17,"featured_media":78850,"comment_status":"closed","ping_status":"closed","sticky":false,"template":"","format":"standard","meta":{"_monsterinsights_skip_tracking":false,"_monsterinsights_sitenote_active":false,"_monsterinsights_sitenote_note":"","_monsterinsights_sitenote_category":0,"_uf_show_specific_survey":0,"_uf_disable_surveys":false,"footnotes":""},"categories":[1390,1402],"tags":[4025,623,2463,4205],"class_list":["post-78849","post","type-post","status-publish","format-standard","has-post-thumbnail","hentry","category-editorias","category-cidades","tag-axel-grael","tag-ministerio-da-saude","tag-niteroi-rj","tag-vacinacao-contra-covid-19"],"acf":[],"_links":{"self":[{"href":"https:\/\/pdt-rj.org.br\/index.php\/wp-json\/wp\/v2\/posts\/78849","targetHints":{"allow":["GET"]}}],"collection":[{"href":"https:\/\/pdt-rj.org.br\/index.php\/wp-json\/wp\/v2\/posts"}],"about":[{"href":"https:\/\/pdt-rj.org.br\/index.php\/wp-json\/wp\/v2\/types\/post"}],"author":[{"embeddable":true,"href":"https:\/\/pdt-rj.org.br\/index.php\/wp-json\/wp\/v2\/users\/17"}],"replies":[{"embeddable":true,"href":"https:\/\/pdt-rj.org.br\/index.php\/wp-json\/wp\/v2\/comments?post=78849"}],"version-history":[{"count":2,"href":"https:\/\/pdt-rj.org.br\/index.php\/wp-json\/wp\/v2\/posts\/78849\/revisions"}],"predecessor-version":[{"id":78852,"href":"https:\/\/pdt-rj.org.br\/index.php\/wp-json\/wp\/v2\/posts\/78849\/revisions\/78852"}],"wp:featuredmedia":[{"embeddable":true,"href":"https:\/\/pdt-rj.org.br\/index.php\/wp-json\/wp\/v2\/media\/78850"}],"wp:attachment":[{"href":"https:\/\/pdt-rj.org.br\/index.php\/wp-json\/wp\/v2\/media?parent=78849"}],"wp:term":[{"taxonomy":"category","embeddable":true,"href":"https:\/\/pdt-rj.org.br\/index.php\/wp-json\/wp\/v2\/categories?post=78849"},{"taxonomy":"post_tag","embeddable":true,"href":"https:\/\/pdt-rj.org.br\/index.php\/wp-json\/wp\/v2\/tags?post=78849"}],"curies":[{"name":"wp","href":"https:\/\/api.w.org\/{rel}","templated":true}]}}