{"id":78822,"date":"2021-07-06T11:53:32","date_gmt":"2021-07-06T14:53:32","guid":{"rendered":"http:\/\/pdt-rj.org.br\/?p=78822"},"modified":"2021-07-06T16:19:06","modified_gmt":"2021-07-06T19:19:06","slug":"cid-gomes-participa-de-votacoes-do-senado-e-questiona-indicado-sobre-motins-de-militares","status":"publish","type":"post","link":"https:\/\/pdt-rj.org.br\/index.php\/cid-gomes-participa-de-votacoes-do-senado-e-questiona-indicado-sobre-motins-de-militares\/","title":{"rendered":"Cid Gomes participa de vota\u00e7\u00f5es do Senado e questiona indicado sobre motins de militares"},"content":{"rendered":"<p>O senador Cid Gomes (PDT-CE) participou nessa segunda-feira (05), em Bras\u00edlia, do esfor\u00e7o concentrado do Senado Federal para aprovar a indica\u00e7\u00e3o de autoridades para tribunais superiores, conselhos e embaixadas. Um dos nomes aprovados na Comiss\u00e3o de Constitui\u00e7\u00e3o e Justi\u00e7a (CCJ) do Senado foi o do almirante de esquadra Cl\u00e1udio Portugal de Viveiros para o cargo de ministro do Superior Tribunal Militar (STM).<\/p>\n<p>O senador Cid Gomes indagou ao almirante sobre o que ele classificou de erro dos parlamentos que \u00e9 a anistia a militares que participam de motins. \u201cTemos visto de forma recorrente os parlamentos, quer em n\u00edvel federal quer em n\u00edvel estadual, aprovarem medidas de anistia a militares e isso de alguma forma tem contribu\u00eddo para abalar um dos principais valores militares que \u00e9 a hierarquia. Na medida em que se quebra a hierarquia se fere de morte os princ\u00edpios militares\u201d, avaliou Cid.<\/p>\n<p>Ele questionou se o almirante consideraria razo\u00e1vel que o STM fa\u00e7a argui\u00e7\u00f5es junto ao Supremo Tribunal Federal para considerar inconstitucionais os projetos que concedem anistia a militares que feriram suas atribui\u00e7\u00f5es. Cl\u00e1udio Viveiros respondeu que \u201c\u00e9 bastante complicado conceder anistia para militares que promoveram atos de insubordina\u00e7\u00e3o, sem avaliar as consequ\u00eancias que isso pode causar nos pilares da hierarquia e da disciplina\u201d.<\/p>\n<p>Al\u00e9m disso, o almirante ressaltou que a Constitui\u00e7\u00e3o Federal pro\u00edbe que os militares da ativa fa\u00e7am greves, assim como n\u00e3o pode haver filia\u00e7\u00e3o pol\u00edtico-partid\u00e1ria nem sindicaliza\u00e7\u00e3o. \u201cO exemplo \u00e9 fundamental na vida militar\u201d, enfatizou.<\/p>\n<p>O senador participou ainda da reuni\u00e3o da Comiss\u00e3o de Assuntos Econ\u00f4micos (CAE), onde foram votadas indica\u00e7\u00f5es para a Comiss\u00e3o de Valores Mobili\u00e1rios, diretoria do Banco Central e do Conselho Administrativo de Defesa Econ\u00f4mica (CADE).<\/p>\n<p><strong>Embaixada em Moscou<\/strong><\/p>\n<p>Nesta ter\u00e7a-feira (06), Cid Gomes vai relatar, na CCJ, a indica\u00e7\u00e3o do embaixador Rodrigo Baena Soares para representa\u00e7\u00e3o brasileira em Moscou. Cid destacou a import\u00e2ncia da R\u00fassia nas rela\u00e7\u00f5es bilaterais com o Brasil. \u201cDevemos aprimorar e aumentar nossa rela\u00e7\u00e3o com Moscou\u201d, disse depois de conversar rapidamente com o candidato a embaixador. Rodrigo Baena Soares, experiente diplomata, que j\u00e1 ocupou cargos em sete pa\u00edses, foi recebido no gabinete da lideran\u00e7a do PDT no Senado.<\/p>\n<!-- AddThis Advanced Settings generic via filter on the_content --><!-- AddThis Share Buttons generic via filter on the_content -->","protected":false},"excerpt":{"rendered":"<p>O senador Cid Gomes (PDT-CE) participou nessa segunda-feira (05), em Bras\u00edlia, do esfor\u00e7o concentrado do Senado Federal para aprovar a indica\u00e7\u00e3o de autoridades para tribunais superiores, conselhos e embaixadas. Um dos nomes aprovados na Comiss\u00e3o de Constitui\u00e7\u00e3o e Justi\u00e7a (CCJ) do Senado foi o do almirante de esquadra Cl\u00e1udio Portugal de Viveiros para o cargo&#8230;<!-- AddThis Advanced Settings generic via filter on wp_trim_excerpt --><!-- AddThis Share Buttons generic via filter on wp_trim_excerpt --><\/p>\n","protected":false},"author":17,"featured_media":78824,"comment_status":"closed","ping_status":"closed","sticky":false,"template":"","format":"standard","meta":{"_monsterinsights_skip_tracking":false,"_monsterinsights_sitenote_active":false,"_monsterinsights_sitenote_note":"","_monsterinsights_sitenote_category":0,"_uf_show_specific_survey":0,"_uf_disable_surveys":false,"footnotes":""},"categories":[1459,976],"tags":[211,2778,4916,899],"class_list":["post-78822","post","type-post","status-publish","format-standard","has-post-thumbnail","hentry","category-congresso","category-noticias-em-destaque","tag-cid-gomes","tag-comissao-de-constituicao-e-justica","tag-superior-tribunal-militar","tag-supremo-tribunal-federal"],"acf":[],"_links":{"self":[{"href":"https:\/\/pdt-rj.org.br\/index.php\/wp-json\/wp\/v2\/posts\/78822","targetHints":{"allow":["GET"]}}],"collection":[{"href":"https:\/\/pdt-rj.org.br\/index.php\/wp-json\/wp\/v2\/posts"}],"about":[{"href":"https:\/\/pdt-rj.org.br\/index.php\/wp-json\/wp\/v2\/types\/post"}],"author":[{"embeddable":true,"href":"https:\/\/pdt-rj.org.br\/index.php\/wp-json\/wp\/v2\/users\/17"}],"replies":[{"embeddable":true,"href":"https:\/\/pdt-rj.org.br\/index.php\/wp-json\/wp\/v2\/comments?post=78822"}],"version-history":[{"count":2,"href":"https:\/\/pdt-rj.org.br\/index.php\/wp-json\/wp\/v2\/posts\/78822\/revisions"}],"predecessor-version":[{"id":78825,"href":"https:\/\/pdt-rj.org.br\/index.php\/wp-json\/wp\/v2\/posts\/78822\/revisions\/78825"}],"wp:featuredmedia":[{"embeddable":true,"href":"https:\/\/pdt-rj.org.br\/index.php\/wp-json\/wp\/v2\/media\/78824"}],"wp:attachment":[{"href":"https:\/\/pdt-rj.org.br\/index.php\/wp-json\/wp\/v2\/media?parent=78822"}],"wp:term":[{"taxonomy":"category","embeddable":true,"href":"https:\/\/pdt-rj.org.br\/index.php\/wp-json\/wp\/v2\/categories?post=78822"},{"taxonomy":"post_tag","embeddable":true,"href":"https:\/\/pdt-rj.org.br\/index.php\/wp-json\/wp\/v2\/tags?post=78822"}],"curies":[{"name":"wp","href":"https:\/\/api.w.org\/{rel}","templated":true}]}}