{"id":78794,"date":"2021-07-03T13:25:00","date_gmt":"2021-07-03T16:25:00","guid":{"rendered":"http:\/\/pdt-rj.org.br\/?p=78794"},"modified":"2021-07-10T13:03:04","modified_gmt":"2021-07-10T16:03:04","slug":"a-gestao-nao-e-so-ter-capacidade-financeira-e-preciso-qualificar-o-gasto","status":"publish","type":"post","link":"https:\/\/pdt-rj.org.br\/index.php\/a-gestao-nao-e-so-ter-capacidade-financeira-e-preciso-qualificar-o-gasto\/","title":{"rendered":"\u201cA gest\u00e3o n\u00e3o \u00e9 s\u00f3 ter capacidade financeira, \u00e9 preciso qualificar o gasto\u201d"},"content":{"rendered":"<h3><em>Ex-prefeito de Natal vai ao Caf\u00e9 com Lupi e revela o sucesso nos seus tr\u00eas mandatos<\/em><\/h3>\n<p>&nbsp;<\/p>\n<p>O Caf\u00e9 com Lupi deste s\u00e1bado (3) abordou mais uma gest\u00e3o pedetista de sucesso. Ostentando n\u00fameros invej\u00e1veis na administra\u00e7\u00e3o municipal de Natal, o ex-prefeito da capital do Rio Grande do Norte foi o convidado especial do programa. Ao lado do presidente nacional do PDT, Carlos Lupi, o gestor pedetista falou sobre o per\u00edodo em que esteve \u00e0 frente da cidade nordestina, incluindo um epis\u00f3dio vivido com o arquiteto do s\u00e9culo, Oscar Niemeyer.<\/p>\n<p>Carlos Eduardo esteve \u00e0 frente da prefeitura de Natal por tr\u00eas mandatos. No primeiro, em 2000, ganhou a elei\u00e7\u00e3o em segundo turno por uma pequena margem de 2,5% dos votos. Quando concorreu em 2012, tamb\u00e9m obteve a vit\u00f3ria no segundo turno, por\u00e9m dessa vez com uma diferen\u00e7a de 21% para o seu concorrente. Em 2016, na sua reelei\u00e7\u00e3o, venceu o pleito ainda no primeiro turno, obtendo 64% dos sufr\u00e1gios.<\/p>\n<p>Carism\u00e1tico, o ex-prefeito de Natal atribuiu sua evolu\u00e7\u00e3o eleitoral a percep\u00e7\u00e3o do cidad\u00e3o natalense de sua gest\u00e3o. \u201c\u00c0 medida que o natalense ia conhecendo os nossos projetos, as nossas obras, os nossos programas, ia crescendo a confian\u00e7a e isso se manifestava nas urnas com maiorias crescentes\u201d, apontou.<\/p>\n<p>Essa evolu\u00e7\u00e3o, sem d\u00favida, p\u00f4de ser sentida com mais for\u00e7a ap\u00f3s o seu segundo mandato. Carlos Eduardo encontrou uma prefeitura deficit\u00e1ria, com muitas d\u00edvidas e sem recursos. Com o tempo, por meio de um projeto de reestrutura\u00e7\u00e3o municipal e de muita austeridade, o ent\u00e3o prefeito conseguiu p\u00f4r sal\u00e1rios em dia e realizar investimentos na cidade de Natal, com destaque para as \u00e1reas de sa\u00fade, educa\u00e7\u00e3o, cultura e meio-ambiente.<\/p>\n<p>\u201cA gest\u00e3o n\u00e3o \u00e9 s\u00f3 ter capacidade financeira, \u00e9 preciso qualificar o gasto. [&#8230;] Foi assim que a nossa gest\u00e3o universalizou a educa\u00e7\u00e3o infantil e o ensino fundamental. Foram 48 escolas novas; reforma e amplia\u00e7\u00e3o em mais 68 escolas; centro de capacita\u00e7\u00e3o dos professores. Fizemos as UPAs, as UBSs, 27 centros de sa\u00fade. Fizemos o primeiro hospital municipal da hist\u00f3ria de Natal\u201d, elencou o ex-prefeito.<\/p>\n<p>Carlos Eduardo falou da obra realizada com projeto arquitet\u00f4nico de Oscar Niemeyer, talvez a mais emblem\u00e1tica de sua gest\u00e3o, que compreende o memorial de Natal, a Biblioteca e a Escola de Educa\u00e7\u00e3o Ambiental. O projeto foi concebido na \u00e1rea central da capital, em um terreno de 200 hectares transformado tamb\u00e9m em \u00e1rea de preserva\u00e7\u00e3o.<\/p>\n<p>\u201cConservamos uma \u00e1rea no cora\u00e7\u00e3o da cidade e eu fui ao Rio de Janeiro, passei seis meses para \u2018baixar o trinco\u2019 do escrit\u00f3rio do doutor Oscar Niemeyer, mas consegui. Entrei l\u00e1 e, depois das apresenta\u00e7\u00f5es formais, ele me disse: \u2018Prefeito, o que o senhor deseja de mim?\u2019. Eu disse: \u2018Doutor Oscar, eu falo por 1 milh\u00e3o de natalenses, conservamos uma \u00e1rea no centro da cidade e queremos um projeto sa\u00eddo da sua prancheta, da sua criatividade\u201d, contou entusiasmado.<\/p>\n<p>Ao longo do programa, o presidente Carlos Lupi ainda levantou o delicado assunto do combate \u00e0 pandemia no Brasil e a criminosa gest\u00e3o do Governo Bolsonaro. Carlos Eduardo comentou o assunto, citou a CPI da Covid e falou sobre o caso de corrup\u00e7\u00e3o revelado recentemente na compra da vacina Covaxin. Vale a pena conferir.<\/p>\n<p>Veja o programa completo abaixo.<\/p>\n<p><iframe loading=\"lazy\" title=\"YouTube video player\" src=\"\/\/www.youtube.com\/embed\/5d3HR8rDq0Q\" width=\"956\" height=\"538\" frameborder=\"0\" allowfullscreen=\"allowfullscreen\"><\/iframe><\/p>\n<p>&nbsp;<\/p>\n<!-- AddThis Advanced Settings generic via filter on the_content --><!-- AddThis Share Buttons generic via filter on the_content -->","protected":false},"excerpt":{"rendered":"<p>Ex-prefeito de Natal vai ao Caf\u00e9 com Lupi e revela o sucesso nos seus tr\u00eas mandatos &nbsp; O Caf\u00e9 com Lupi deste s\u00e1bado (3) abordou mais uma gest\u00e3o pedetista de sucesso. Ostentando n\u00fameros invej\u00e1veis na administra\u00e7\u00e3o municipal de Natal, o ex-prefeito da capital do Rio Grande do Norte foi o convidado especial do programa. Ao&#8230;<!-- AddThis Advanced Settings generic via filter on wp_trim_excerpt --><!-- AddThis Share Buttons generic via filter on wp_trim_excerpt --><\/p>\n","protected":false},"author":17,"featured_media":78795,"comment_status":"closed","ping_status":"closed","sticky":false,"template":"","format":"standard","meta":{"_monsterinsights_skip_tracking":false,"_monsterinsights_sitenote_active":false,"_monsterinsights_sitenote_note":"","_monsterinsights_sitenote_category":0,"_uf_show_specific_survey":0,"_uf_disable_surveys":false,"footnotes":""},"categories":[1390,1401],"tags":[3695,194,196,1405],"class_list":["post-78794","post","type-post","status-publish","format-standard","has-post-thumbnail","hentry","category-editorias","category-nacional","tag-cafe-com-lupi","tag-carlos-eduardo","tag-carlos-lupi","tag-natal-rn"],"acf":[],"_links":{"self":[{"href":"https:\/\/pdt-rj.org.br\/index.php\/wp-json\/wp\/v2\/posts\/78794","targetHints":{"allow":["GET"]}}],"collection":[{"href":"https:\/\/pdt-rj.org.br\/index.php\/wp-json\/wp\/v2\/posts"}],"about":[{"href":"https:\/\/pdt-rj.org.br\/index.php\/wp-json\/wp\/v2\/types\/post"}],"author":[{"embeddable":true,"href":"https:\/\/pdt-rj.org.br\/index.php\/wp-json\/wp\/v2\/users\/17"}],"replies":[{"embeddable":true,"href":"https:\/\/pdt-rj.org.br\/index.php\/wp-json\/wp\/v2\/comments?post=78794"}],"version-history":[{"count":2,"href":"https:\/\/pdt-rj.org.br\/index.php\/wp-json\/wp\/v2\/posts\/78794\/revisions"}],"predecessor-version":[{"id":78916,"href":"https:\/\/pdt-rj.org.br\/index.php\/wp-json\/wp\/v2\/posts\/78794\/revisions\/78916"}],"wp:featuredmedia":[{"embeddable":true,"href":"https:\/\/pdt-rj.org.br\/index.php\/wp-json\/wp\/v2\/media\/78795"}],"wp:attachment":[{"href":"https:\/\/pdt-rj.org.br\/index.php\/wp-json\/wp\/v2\/media?parent=78794"}],"wp:term":[{"taxonomy":"category","embeddable":true,"href":"https:\/\/pdt-rj.org.br\/index.php\/wp-json\/wp\/v2\/categories?post=78794"},{"taxonomy":"post_tag","embeddable":true,"href":"https:\/\/pdt-rj.org.br\/index.php\/wp-json\/wp\/v2\/tags?post=78794"}],"curies":[{"name":"wp","href":"https:\/\/api.w.org\/{rel}","templated":true}]}}