{"id":78791,"date":"2021-07-03T12:58:19","date_gmt":"2021-07-03T15:58:19","guid":{"rendered":"http:\/\/pdt-rj.org.br\/?p=78791"},"modified":"2021-07-13T22:44:03","modified_gmt":"2021-07-14T01:44:03","slug":"pdt-entra-com-representacao-no-mprj-contra-governador-do-rio-por-improbidade-administrativa","status":"publish","type":"post","link":"https:\/\/pdt-rj.org.br\/index.php\/pdt-entra-com-representacao-no-mprj-contra-governador-do-rio-por-improbidade-administrativa\/","title":{"rendered":"PDT entra com representa\u00e7\u00e3o no MPRJ contra governador do Rio por improbidade administrativa"},"content":{"rendered":"<p>O PDT entrou, nessa sexta-feira (2), no Minist\u00e9rio P\u00fablico do Estado do Rio de Janeiro (MPRJ) e na Minist\u00e9rio P\u00fablico Federal com Peti\u00e7\u00e3o de Instaura\u00e7\u00e3o de Inqu\u00e9rito Civil e Investiga\u00e7\u00e3o Eleitoral, respectivamente, contra o governador do Rio de Janeiro, Cl\u00e1udio Castro, por improbidade administrativa e abuso de poder pol\u00edtico e econ\u00f4mico na destina\u00e7\u00e3o das verbas angariadas com o leil\u00e3o da Cedae, no dia 30 de abril, deste ano.<\/p>\n<p>Cl\u00e1udio Castro concedeu uma entrevista no dia 17 de junho, onde detalhou a divis\u00e3o do dinheiro, somado em R$ 22,69 bilh\u00f5es, sem nenhuma destina\u00e7\u00e3o pr\u00e9via. \u201cCada prefeito e estado gastam como quiserem. N\u00e3o h\u00e1 destina\u00e7\u00e3o prevista, \u00e9 um dinheiro livre\u201d, afirmou o governador.<\/p>\n<p>Na peti\u00e7\u00e3o \u00e0 Procuradoria-Geral de Justi\u00e7a do Rio de Janeiro, o PDT apresenta v\u00e1rios argumentos que comprovam viola\u00e7\u00e3o dos princ\u00edpios da administra\u00e7\u00e3o p\u00fablica atrav\u00e9s da destina\u00e7\u00e3o das verbas a, pelo menos, 80 munic\u00edpios do estado. A finalidade, segundo o partido, era a compra de apoio pol\u00edtico, feito no uso do poder p\u00fablico, para satisfa\u00e7\u00e3o dos interesses pessoais, mostrando assim, um desvio na aplica\u00e7\u00e3o e utiliza\u00e7\u00e3o do montante financeiro.<\/p>\n<p>\u201cHaver\u00e1 desvio de finalidade na aplica\u00e7\u00e3o e utiliza\u00e7\u00e3o do montante financeiro em tela, que aportar\u00e1 nos cofres dos munic\u00edpios como moeda de troca para que os prefeitos apoiem a candidatura \u00e0 reelei\u00e7\u00e3o do ora Representado. O fato descrito amolda-se ao tipo do art. 11, inciso I, da Lei de Improbidade Administrativa\u201d, afirma o documento.<\/p>\n<p>Assim, o PDT pede ao MPRJ a \u201cado\u00e7\u00e3o de todas as medidas cab\u00edveis, especificamente a instaura\u00e7\u00e3o de inqu\u00e9rito civil para apura\u00e7\u00e3o dos fatos na esfera criminal\u201d.<\/p>\n<p>J\u00e1 na peti\u00e7\u00e3o encaminhada ao MPF, o partido aponta fundamentos que mostram o abuso de poder pol\u00edtico e econ\u00f4mico. \u201cO abuso de poder econ\u00f4mico refere-se \u00e0 utiliza\u00e7\u00e3o excessiva, antes ou durante a campanha eleitoral, de recursos materiais ou humanos que representem valor econ\u00f4mico, buscando beneficiar candidato, de modo a afetar a normalidade, a isonomia e a legitimidade das elei\u00e7\u00f5es\u201d, afirma o documento.<\/p>\n<p>Diante de atos contest\u00e1veis, o PDT pede a instaura\u00e7\u00e3o de investiga\u00e7\u00e3o para apurar as condutas realizadas pelo governador do Rio, Cl\u00e1udio Castro \u201cespecificamente a instaura\u00e7\u00e3o de procedimento investigat\u00f3rio eleitoral, tendo em vista a pr\u00e1tica de abuso de poder pol\u00edtico e econ\u00f4mico, e o posterior ajuizamento de A\u00e7\u00e3o de Investiga\u00e7\u00e3o Judicial Eleitoral\u201d.<\/p>\n<!-- AddThis Advanced Settings generic via filter on the_content --><!-- AddThis Share Buttons generic via filter on the_content -->","protected":false},"excerpt":{"rendered":"<p>O PDT entrou, nessa sexta-feira (2), no Minist\u00e9rio P\u00fablico do Estado do Rio de Janeiro (MPRJ) e na Minist\u00e9rio P\u00fablico Federal com Peti\u00e7\u00e3o de Instaura\u00e7\u00e3o de Inqu\u00e9rito Civil e Investiga\u00e7\u00e3o Eleitoral, respectivamente, contra o governador do Rio de Janeiro, Cl\u00e1udio Castro, por improbidade administrativa e abuso de poder pol\u00edtico e econ\u00f4mico na destina\u00e7\u00e3o das verbas&#8230;<!-- AddThis Advanced Settings generic via filter on wp_trim_excerpt --><!-- AddThis Share Buttons generic via filter on wp_trim_excerpt --><\/p>\n","protected":false},"author":17,"featured_media":78792,"comment_status":"closed","ping_status":"closed","sticky":false,"template":"","format":"standard","meta":{"_monsterinsights_skip_tracking":false,"_monsterinsights_sitenote_active":false,"_monsterinsights_sitenote_note":"","_monsterinsights_sitenote_category":0,"_uf_show_specific_survey":0,"_uf_disable_surveys":false,"footnotes":""},"categories":[1390,1401,976],"tags":[],"class_list":["post-78791","post","type-post","status-publish","format-standard","has-post-thumbnail","hentry","category-editorias","category-nacional","category-noticias-em-destaque"],"acf":[],"_links":{"self":[{"href":"https:\/\/pdt-rj.org.br\/index.php\/wp-json\/wp\/v2\/posts\/78791","targetHints":{"allow":["GET"]}}],"collection":[{"href":"https:\/\/pdt-rj.org.br\/index.php\/wp-json\/wp\/v2\/posts"}],"about":[{"href":"https:\/\/pdt-rj.org.br\/index.php\/wp-json\/wp\/v2\/types\/post"}],"author":[{"embeddable":true,"href":"https:\/\/pdt-rj.org.br\/index.php\/wp-json\/wp\/v2\/users\/17"}],"replies":[{"embeddable":true,"href":"https:\/\/pdt-rj.org.br\/index.php\/wp-json\/wp\/v2\/comments?post=78791"}],"version-history":[{"count":3,"href":"https:\/\/pdt-rj.org.br\/index.php\/wp-json\/wp\/v2\/posts\/78791\/revisions"}],"predecessor-version":[{"id":78937,"href":"https:\/\/pdt-rj.org.br\/index.php\/wp-json\/wp\/v2\/posts\/78791\/revisions\/78937"}],"wp:featuredmedia":[{"embeddable":true,"href":"https:\/\/pdt-rj.org.br\/index.php\/wp-json\/wp\/v2\/media\/78792"}],"wp:attachment":[{"href":"https:\/\/pdt-rj.org.br\/index.php\/wp-json\/wp\/v2\/media?parent=78791"}],"wp:term":[{"taxonomy":"category","embeddable":true,"href":"https:\/\/pdt-rj.org.br\/index.php\/wp-json\/wp\/v2\/categories?post=78791"},{"taxonomy":"post_tag","embeddable":true,"href":"https:\/\/pdt-rj.org.br\/index.php\/wp-json\/wp\/v2\/tags?post=78791"}],"curies":[{"name":"wp","href":"https:\/\/api.w.org\/{rel}","templated":true}]}}