{"id":78782,"date":"2021-07-02T17:21:18","date_gmt":"2021-07-02T20:21:18","guid":{"rendered":"http:\/\/pdt-rj.org.br\/?p=78782"},"modified":"2021-07-02T17:21:18","modified_gmt":"2021-07-02T20:21:18","slug":"pdt-cobra-politicas-de-estado-efetivas-contra-intolerancia-religiosa-no-estado-do-rio","status":"publish","type":"post","link":"https:\/\/pdt-rj.org.br\/index.php\/pdt-cobra-politicas-de-estado-efetivas-contra-intolerancia-religiosa-no-estado-do-rio\/","title":{"rendered":"PDT cobra pol\u00edticas de Estado efetivas contra intoler\u00e2ncia religiosa no estado do Rio"},"content":{"rendered":"<p>A efetiva estrutura\u00e7\u00e3o e implementa\u00e7\u00e3o de pol\u00edticas de Estado \u00e9 uma medida essencial no combate \u00e0 intoler\u00e2ncia e ao racismo religioso. Nessa ter\u00e7a-feira (29), a proposta foi defendida em reuni\u00e3o pela deputada Martha Rocha (PDT), que preside a Comiss\u00e3o Parlamentar de Inqu\u00e9rito sobre o tema na Assembleia Legislativa do Estado do Rio de Janeiro (Alerj), e pelo presidente nacional do PDT Ax\u00e9, Marcelo Monteiro.<\/p>\n<p>\u201cO que tratamos aqui \u00e9 de viola\u00e7\u00f5es de Direitos Humanos, que se traduzem em racismo religioso. Esse \u00e9 o entendimento que essa CPI quer firmar. Uma quest\u00e3o s\u00f3 \u00e9 importante na gest\u00e3o p\u00fablica quando est\u00e1 na rubrica or\u00e7ament\u00e1ria\u201d, disse Martha Rocha, que pretende pedir a inclus\u00e3o de dota\u00e7\u00e3o de recursos no relat\u00f3rio final da CPI.<\/p>\n<p>\u201cTemos que fazer o movimento que vai al\u00e9m de apontar na previs\u00e3o do or\u00e7amento. \u00c9 fundamental que consigamos mobilizar e sensibilizar os gestores da import\u00e2ncia do investimento nas a\u00e7\u00f5es de enfrentamento a viol\u00eancia religiosa\u201d, complementou.<\/p>\n<p>Marcelo Monteiro, que tamb\u00e9m preside o Centro de Tradi\u00e7\u00f5es Afro-brasileiras, defendeu a cria\u00e7\u00e3o de um marco legal de prote\u00e7\u00e3o dos povos tradicionais de matriz africana contra os crimes de \u00f3dio.<\/p>\n<p>\u201cO que temos visto hoje em dia \u00e9 um verdadeiro genoc\u00eddio dos povos tradicionais de matriz africana. Precisamos ampliar os n\u00facleos de atendimento \u00e0s v\u00edtimas de intoler\u00e2ncia religiosa\u201d, destacou.<\/p>\n<p>Ao longo do discurso, Monteiro cobrou ainda mais empenho do Estado no cumprimento da Lei 10.639\/03, que determina o ensino obrigat\u00f3rio da hist\u00f3ria afro-brasileira \u2013 como estrat\u00e9gia de conscientiza\u00e7\u00e3o, bem como a expans\u00e3o dos n\u00facleos de assist\u00eancia \u00e0s v\u00edtimas, principalmente nos munic\u00edpios onde a incid\u00eancia dos crimes de intoler\u00e2ncia religiosa \u00e9 maior.<\/p>\n<p dir=\"auto\">No encontro, a yalorix\u00e1 Egbomi Margareth de Sango, afirmou que os casos de intoler\u00e2ncia est\u00e3o crescendo na Regi\u00e3o dos Lagos. Ela criou o Projeto Abra\u00e7o para dar assist\u00eancia \u00e0s pessoas v\u00edtimas e cobrou mais espa\u00e7os p\u00fablicos de assist\u00eancia.<\/p>\n<p>\u201cMesmo pessoas de pele branca com indument\u00e1ria de santo sofrem agress\u00f5es gratuitas. Estamos vendo o sumi\u00e7o das pessoas de santo na Regi\u00e3o dos Lagos por causa das agress\u00f5es\u201d, relatou.<\/p>\n<p dir=\"auto\">A dificuldade de registrar os casos foi relatada pelo presidente do Centro Esp\u00edrita Caridade Eterna, Ogan Ja\u00e7an\u00e3 Gon\u00e7alves.<\/p>\n<p dir=\"auto\">\u201cN\u00e3o chamamos mais de intoler\u00e2ncia e sim de viol\u00eancia religiosa. E temos percebido cada vez mais o recrudescimento disso. E essa viol\u00eancia est\u00e1 presente dentro das estruturas de Estado. Se voc\u00ea tentar fazer uma queixa de racismo, o policial vai fazer de tudo para registrar com inj\u00faria racial. E ainda que consiga registrar a investiga\u00e7\u00e3o n\u00e3o vai andar. Isso \u00e9 uma estrat\u00e9gia de poder que amea\u00e7a as liberdades democr\u00e1ticas\u201d, detalhou.<\/p>\n<!-- AddThis Advanced Settings generic via filter on the_content --><!-- AddThis Share Buttons generic via filter on the_content -->","protected":false},"excerpt":{"rendered":"<p>A efetiva estrutura\u00e7\u00e3o e implementa\u00e7\u00e3o de pol\u00edticas de Estado \u00e9 uma medida essencial no combate \u00e0 intoler\u00e2ncia e ao racismo religioso. Nessa ter\u00e7a-feira (29), a proposta foi defendida em reuni\u00e3o pela deputada Martha Rocha (PDT), que preside a Comiss\u00e3o Parlamentar de Inqu\u00e9rito sobre o tema na Assembleia Legislativa do Estado do Rio de Janeiro (Alerj),&#8230;<!-- AddThis Advanced Settings generic via filter on wp_trim_excerpt --><!-- AddThis Share Buttons generic via filter on wp_trim_excerpt --><\/p>\n","protected":false},"author":17,"featured_media":78785,"comment_status":"closed","ping_status":"closed","sticky":false,"template":"","format":"standard","meta":{"_monsterinsights_skip_tracking":false,"_monsterinsights_sitenote_active":false,"_monsterinsights_sitenote_note":"","_monsterinsights_sitenote_category":0,"_uf_show_specific_survey":0,"_uf_disable_surveys":false,"footnotes":""},"categories":[1390,1402],"tags":[],"class_list":["post-78782","post","type-post","status-publish","format-standard","has-post-thumbnail","hentry","category-editorias","category-cidades"],"acf":[],"_links":{"self":[{"href":"https:\/\/pdt-rj.org.br\/index.php\/wp-json\/wp\/v2\/posts\/78782","targetHints":{"allow":["GET"]}}],"collection":[{"href":"https:\/\/pdt-rj.org.br\/index.php\/wp-json\/wp\/v2\/posts"}],"about":[{"href":"https:\/\/pdt-rj.org.br\/index.php\/wp-json\/wp\/v2\/types\/post"}],"author":[{"embeddable":true,"href":"https:\/\/pdt-rj.org.br\/index.php\/wp-json\/wp\/v2\/users\/17"}],"replies":[{"embeddable":true,"href":"https:\/\/pdt-rj.org.br\/index.php\/wp-json\/wp\/v2\/comments?post=78782"}],"version-history":[{"count":3,"href":"https:\/\/pdt-rj.org.br\/index.php\/wp-json\/wp\/v2\/posts\/78782\/revisions"}],"predecessor-version":[{"id":78786,"href":"https:\/\/pdt-rj.org.br\/index.php\/wp-json\/wp\/v2\/posts\/78782\/revisions\/78786"}],"wp:featuredmedia":[{"embeddable":true,"href":"https:\/\/pdt-rj.org.br\/index.php\/wp-json\/wp\/v2\/media\/78785"}],"wp:attachment":[{"href":"https:\/\/pdt-rj.org.br\/index.php\/wp-json\/wp\/v2\/media?parent=78782"}],"wp:term":[{"taxonomy":"category","embeddable":true,"href":"https:\/\/pdt-rj.org.br\/index.php\/wp-json\/wp\/v2\/categories?post=78782"},{"taxonomy":"post_tag","embeddable":true,"href":"https:\/\/pdt-rj.org.br\/index.php\/wp-json\/wp\/v2\/tags?post=78782"}],"curies":[{"name":"wp","href":"https:\/\/api.w.org\/{rel}","templated":true}]}}