{"id":78762,"date":"2021-06-30T21:21:44","date_gmt":"2021-07-01T00:21:44","guid":{"rendered":"http:\/\/pdt-rj.org.br\/?p=78762"},"modified":"2021-06-30T21:21:44","modified_gmt":"2021-07-01T00:21:44","slug":"pdt-assina-superpedido-de-impeachment-contra-bolsonaro-na-camara-federal","status":"publish","type":"post","link":"https:\/\/pdt-rj.org.br\/index.php\/pdt-assina-superpedido-de-impeachment-contra-bolsonaro-na-camara-federal\/","title":{"rendered":"PDT assina \u2018superpedido\u2019 de impeachment contra Bolsonaro na C\u00e2mara Federal"},"content":{"rendered":"<p>Primeiro partido a registrar uma solicita\u00e7\u00e3o de impeachment contra o presidente da Rep\u00fablica, Jair Bolsonaro, o PDT, a partir do seu presidente nacional, Carlos Lupi, assinou tamb\u00e9m o \u2018superpedido\u2019 em conjunto com outros partidos, protocolado nesta quarta-feira (30), na C\u00e2mara dos Deputados. A solicita\u00e7\u00e3o \u00e9 juntamente com sindicatos, organiza\u00e7\u00f5es sociais e dezenas de signat\u00e1rios.<\/p>\n<p>Reunindo argumentos de outros 122 pedidos para sustentar a configura\u00e7\u00e3o de 23 crimes de responsabilidade, o documento ratifica que Bolsonaro, \u201cdesde o in\u00edcio do seu mandato, vem incidindo, de maneira grave, reiterada e sistem\u00e1tica em ofensas \u00e0 Constitui\u00e7\u00e3o da Rep\u00fablica\u201d. Com tais condutas, \u201co mandat\u00e1rio parece apostar na toler\u00e2ncia e naturaliza\u00e7\u00e3o de tais viola\u00e7\u00f5es\u201d.<\/p>\n<p>No pedido, diz tamb\u00e9m que a postura do presidente \u201cem rela\u00e7\u00e3o aos atos insensatos e desatinados levados a efeito por in\u00fameros subordinados jamais esteve \u00e0 altura da responsabilidade do cargo que ocupa. A repetida e progressiva escalada de descuidos e atos contraproducentes dessas autoridades, em desalinho com a Constitui\u00e7\u00e3o e com a regularidade funcional de seus postos, contou n\u00e3o apenas com o benepl\u00e1cito presidencial, sen\u00e3o tamb\u00e9m com seu incentivo, o que perfaz com absoluta sufici\u00eancia o tipo criminal\u201d, detalha o texto encaminhado ao presidente da C\u00e2mara, Arthur Lira.<\/p>\n<p>Para Carlos Lupi, \u201cas novas den\u00fancias mostram que o governo Bolsonaro \u00e9 corrupto e ignorou o sofrimento dos brasileiros\u201d.<\/p>\n<p>\u201cVamos investigar a fundo, tanto a compra da Covaxin, como as outras vacinas, e da quantidade absurda de Cloroquina. Estamos de olho e n\u00e3o aceitaremos nada menos que a justi\u00e7a!\u201d, disse o pedetista.<\/p>\n<p><strong>Revela\u00e7\u00f5es<\/strong><\/p>\n<p>Agregada por partidos, como PSB, Rede, PCdoB, Cidadania, PT e PSOL, centrais sindicais e entidades sociais, como a Associa\u00e7\u00e3o Brasileira de Imprensa (ABI), a Uni\u00e3o Nacional dos Estudantes (UNE) e a Associa\u00e7\u00e3o Brasileira de Juristas pela Democracia (ABJD), a a\u00e7\u00e3o menciona ainda a ocorr\u00eancia do mais recente delito, que \u00e9 a pr\u00e1tica de prevarica\u00e7\u00e3o em fun\u00e7\u00e3o da sequenciada corrup\u00e7\u00e3o na compra da vacina Covaxin pelo Minist\u00e9rio da Sa\u00fade.<\/p>\n<p>\u201cNo que se refere \u00e0 Covid-19, ap\u00f3s se notabilizar por uma atitude avessa \u00e0 aquisi\u00e7\u00e3o de vacinas e ao est\u00edmulo \u00e0 sua aplica\u00e7\u00e3o, o presidente da Rep\u00fablica passou a ser envolvido em den\u00fancias de coniv\u00eancia com negocia\u00e7\u00f5es lesivas ao interesse p\u00fablico para a compra da vacina indiana Covaxin\u201d, relatou a peti\u00e7\u00e3o a partir de reportagens veiculadas na m\u00eddia nacional nessa ter\u00e7a-feira (29).<\/p>\n<p>Ao enfatizarem que a crise sist\u00eamica do pa\u00eds foi potencializada pelas falhas deliberadas do governo federal no enfrentamento da pandemia, os formuladores do \u2018superpedido\u2019 buscam desconstruir todos os argumentos propagados pelo Pal\u00e1cio do Planalto.<\/p>\n<p>\u201cSe tivessem sido adotadas, no Brasil, medidas adequadas de controle, com restri\u00e7\u00f5es de deslocamento, bloqueio de locais (lockdown) certamente poder\u00edamos ter chegado numa fase consistente de redu\u00e7\u00e3o do n\u00famero de casos novos e estar fazendo a flexibiliza\u00e7\u00e3o das medidas de controle, de forma gradual e segura. O que se est\u00e1 observando no Brasil \u00e9 que, pressionados pelo falso discurso de \u201csalvar a economia\u201d, prefeitos e governadores est\u00e3o fazendo a abertura do com\u00e9rcio e de outros setores, sem crit\u00e9rios t\u00e9cnicos, observando-se em seguida o aumento descontrolado de casos\u201d, pontuam.<\/p>\n<!-- AddThis Advanced Settings generic via filter on the_content --><!-- AddThis Share Buttons generic via filter on the_content -->","protected":false},"excerpt":{"rendered":"<p>Primeiro partido a registrar uma solicita\u00e7\u00e3o de impeachment contra o presidente da Rep\u00fablica, Jair Bolsonaro, o PDT, a partir do seu presidente nacional, Carlos Lupi, assinou tamb\u00e9m o \u2018superpedido\u2019 em conjunto com outros partidos, protocolado nesta quarta-feira (30), na C\u00e2mara dos Deputados. A solicita\u00e7\u00e3o \u00e9 juntamente com sindicatos, organiza\u00e7\u00f5es sociais e dezenas de signat\u00e1rios. Reunindo&#8230;<!-- AddThis Advanced Settings generic via filter on wp_trim_excerpt --><!-- AddThis Share Buttons generic via filter on wp_trim_excerpt --><\/p>\n","protected":false},"author":17,"featured_media":78763,"comment_status":"closed","ping_status":"closed","sticky":false,"template":"","format":"standard","meta":{"_monsterinsights_skip_tracking":false,"_monsterinsights_sitenote_active":false,"_monsterinsights_sitenote_note":"","_monsterinsights_sitenote_category":0,"_uf_show_specific_survey":0,"_uf_disable_surveys":false,"footnotes":""},"categories":[1459,1401,976],"tags":[],"class_list":["post-78762","post","type-post","status-publish","format-standard","has-post-thumbnail","hentry","category-congresso","category-nacional","category-noticias-em-destaque"],"acf":[],"_links":{"self":[{"href":"https:\/\/pdt-rj.org.br\/index.php\/wp-json\/wp\/v2\/posts\/78762","targetHints":{"allow":["GET"]}}],"collection":[{"href":"https:\/\/pdt-rj.org.br\/index.php\/wp-json\/wp\/v2\/posts"}],"about":[{"href":"https:\/\/pdt-rj.org.br\/index.php\/wp-json\/wp\/v2\/types\/post"}],"author":[{"embeddable":true,"href":"https:\/\/pdt-rj.org.br\/index.php\/wp-json\/wp\/v2\/users\/17"}],"replies":[{"embeddable":true,"href":"https:\/\/pdt-rj.org.br\/index.php\/wp-json\/wp\/v2\/comments?post=78762"}],"version-history":[{"count":2,"href":"https:\/\/pdt-rj.org.br\/index.php\/wp-json\/wp\/v2\/posts\/78762\/revisions"}],"predecessor-version":[{"id":78765,"href":"https:\/\/pdt-rj.org.br\/index.php\/wp-json\/wp\/v2\/posts\/78762\/revisions\/78765"}],"wp:featuredmedia":[{"embeddable":true,"href":"https:\/\/pdt-rj.org.br\/index.php\/wp-json\/wp\/v2\/media\/78763"}],"wp:attachment":[{"href":"https:\/\/pdt-rj.org.br\/index.php\/wp-json\/wp\/v2\/media?parent=78762"}],"wp:term":[{"taxonomy":"category","embeddable":true,"href":"https:\/\/pdt-rj.org.br\/index.php\/wp-json\/wp\/v2\/categories?post=78762"},{"taxonomy":"post_tag","embeddable":true,"href":"https:\/\/pdt-rj.org.br\/index.php\/wp-json\/wp\/v2\/tags?post=78762"}],"curies":[{"name":"wp","href":"https:\/\/api.w.org\/{rel}","templated":true}]}}