{"id":78750,"date":"2021-06-30T18:22:26","date_gmt":"2021-06-30T21:22:26","guid":{"rendered":"http:\/\/pdt-rj.org.br\/?p=78750"},"modified":"2021-06-30T18:22:26","modified_gmt":"2021-06-30T21:22:26","slug":"sob-a-gestao-da-pedetista-fernanda-ontiveros-prefeitura-de-japeri-rj-investe-em-urbanismo-no-bairro-nova-belem","status":"publish","type":"post","link":"https:\/\/pdt-rj.org.br\/index.php\/sob-a-gestao-da-pedetista-fernanda-ontiveros-prefeitura-de-japeri-rj-investe-em-urbanismo-no-bairro-nova-belem\/","title":{"rendered":"Sob a gest\u00e3o da pedetista Fernanda Ontiveros, Prefeitura de Japeri (RJ) investe em urbanismo no bairro Nova Bel\u00e9m"},"content":{"rendered":"<p>Sob a gest\u00e3o da prefeita Fernanda Ontiveros (PDT), a prefeitura de Japeri (RJ), por meio da Secretaria Municipal de Urbanismo, iniciou nessa ter\u00e7a-feira (29) diversas a\u00e7\u00f5es de melhorias no bairro Nova Bel\u00e9m. Durante todo o dia, \u00a0as equipes fizeram a remo\u00e7\u00e3o de 3 mil toneladas de entulhos no antigo aterro no local e instalaram novos pontos de ilumina\u00e7\u00e3o em diversas ruas. O pr\u00f3ximo passo \u00e9 iniciar na localidade um grande pacote de obras e infraestrutura em parceria com o Departamento de Estradas e Rodagens (DER-RJ).<\/p>\n<p>O bairro Nova Bel\u00e9m est\u00e1 entre os 13 bairros que ser\u00e3o beneficiados com o pacote de obras, fruto de um conv\u00eanio entre o governo municipal e o Estado. A prefeita Fernanda Ontiveros, esteve no local e disse que o objetivo \u00e9 pavimentar todo o trecho entre a Avenida Ayrton Senna at\u00e9 a Marqu\u00eas S\u00e3o Marcos, entre outras vias, al\u00e9m de intensificar o trabalho de dragagem dos canais na localidade, evitando a prolifera\u00e7\u00e3o de agentes transmissores de doen\u00e7as.<\/p>\n<p>\u201cO pedido de melhorias aqui no bairro Nova Bel\u00e9m era algo que eu ouvia muito dos moradores no per\u00edodo da campanha. Hoje demos o pontap\u00e9 inicial nessa demanda. As obras de infraestrutura ser\u00e3o feitas em conv\u00eanio com o Departamento de Estradas e Rodagens (DER-RJ) e em breve a popula\u00e7\u00e3o dessa localidade poder\u00e1 desfrutar de algo que \u00e9 deles. Seguimos trabalhando para dar dignidade ao Japeriense\u201d, disse a gestora.<\/p>\n<p><strong>Creche no bairro tem previs\u00e3o de ser inaugurada no segundo semestre<\/strong><\/p>\n<p>A prefeita tamb\u00e9m falou sobre o andamento das interven\u00e7\u00f5es da Creche Municipal Professor Marcos F\u00e9lix. A unidade j\u00e1 est\u00e1 com 95% das obras conclu\u00eddas e ter\u00e1 capacidade para receber mais de 200 crian\u00e7as entre 1 a 4 anos em per\u00edodo integral e parcial. Al\u00e9m disso, o espa\u00e7o contar\u00e1 com 8 salas, 2 ber\u00e7\u00e1rios, 1 lact\u00e1rio e 12 banheiros. A constru\u00e7\u00e3o faz parte de um conv\u00eanio entre a gest\u00e3o municipal e o Fundo Nacional de Desenvolvimento da Educa\u00e7\u00e3o (FNDE) e tem previs\u00e3o para ser inaugurada ainda neste segundo semestre.<\/p>\n<p>\u201cTamb\u00e9m estamos acompanhando o andamento das obras da creche aqui no bairro que ir\u00e1 beneficiar muitas m\u00e3es que precisam trabalhar e n\u00e3o tem onde deixar seus filhos. Nossa meta \u00e9 que no segundo semestre possamos entregar a unidade \u00e0 popula\u00e7\u00e3o\u201d, disse a prefeita.<\/p>\n<!-- AddThis Advanced Settings generic via filter on the_content --><!-- AddThis Share Buttons generic via filter on the_content -->","protected":false},"excerpt":{"rendered":"<p>Sob a gest\u00e3o da prefeita Fernanda Ontiveros (PDT), a prefeitura de Japeri (RJ), por meio da Secretaria Municipal de Urbanismo, iniciou nessa ter\u00e7a-feira (29) diversas a\u00e7\u00f5es de melhorias no bairro Nova Bel\u00e9m. Durante todo o dia, \u00a0as equipes fizeram a remo\u00e7\u00e3o de 3 mil toneladas de entulhos no antigo aterro no local e instalaram novos&#8230;<!-- AddThis Advanced Settings generic via filter on wp_trim_excerpt --><!-- AddThis Share Buttons generic via filter on wp_trim_excerpt --><\/p>\n","protected":false},"author":17,"featured_media":78751,"comment_status":"closed","ping_status":"closed","sticky":false,"template":"","format":"standard","meta":{"_monsterinsights_skip_tracking":false,"_monsterinsights_sitenote_active":false,"_monsterinsights_sitenote_note":"","_monsterinsights_sitenote_category":0,"_uf_show_specific_survey":0,"_uf_disable_surveys":false,"footnotes":""},"categories":[1390,1402],"tags":[4899,4250,4782,4900],"class_list":["post-78750","post","type-post","status-publish","format-standard","has-post-thumbnail","hentry","category-editorias","category-cidades","tag-departamento-de-estradas-e-rodagens","tag-fernanda-ontiveros","tag-prefeitura-de-japeri-rj","tag-secretaria-municipal-de-urbanismo"],"acf":[],"_links":{"self":[{"href":"https:\/\/pdt-rj.org.br\/index.php\/wp-json\/wp\/v2\/posts\/78750","targetHints":{"allow":["GET"]}}],"collection":[{"href":"https:\/\/pdt-rj.org.br\/index.php\/wp-json\/wp\/v2\/posts"}],"about":[{"href":"https:\/\/pdt-rj.org.br\/index.php\/wp-json\/wp\/v2\/types\/post"}],"author":[{"embeddable":true,"href":"https:\/\/pdt-rj.org.br\/index.php\/wp-json\/wp\/v2\/users\/17"}],"replies":[{"embeddable":true,"href":"https:\/\/pdt-rj.org.br\/index.php\/wp-json\/wp\/v2\/comments?post=78750"}],"version-history":[{"count":1,"href":"https:\/\/pdt-rj.org.br\/index.php\/wp-json\/wp\/v2\/posts\/78750\/revisions"}],"predecessor-version":[{"id":78752,"href":"https:\/\/pdt-rj.org.br\/index.php\/wp-json\/wp\/v2\/posts\/78750\/revisions\/78752"}],"wp:featuredmedia":[{"embeddable":true,"href":"https:\/\/pdt-rj.org.br\/index.php\/wp-json\/wp\/v2\/media\/78751"}],"wp:attachment":[{"href":"https:\/\/pdt-rj.org.br\/index.php\/wp-json\/wp\/v2\/media?parent=78750"}],"wp:term":[{"taxonomy":"category","embeddable":true,"href":"https:\/\/pdt-rj.org.br\/index.php\/wp-json\/wp\/v2\/categories?post=78750"},{"taxonomy":"post_tag","embeddable":true,"href":"https:\/\/pdt-rj.org.br\/index.php\/wp-json\/wp\/v2\/tags?post=78750"}],"curies":[{"name":"wp","href":"https:\/\/api.w.org\/{rel}","templated":true}]}}