{"id":78738,"date":"2021-06-29T14:08:33","date_gmt":"2021-06-29T17:08:33","guid":{"rendered":"http:\/\/pdt-rj.org.br\/?p=78738"},"modified":"2021-06-29T14:08:33","modified_gmt":"2021-06-29T17:08:33","slug":"consulado-geral-da-china-e-fundacao-leonel-brizola-celebram-os-100-anos-do-partido-comunista","status":"publish","type":"post","link":"https:\/\/pdt-rj.org.br\/index.php\/consulado-geral-da-china-e-fundacao-leonel-brizola-celebram-os-100-anos-do-partido-comunista\/","title":{"rendered":"Consulado Geral da China e Funda\u00e7\u00e3o Leonel Brizola celebram os 100 anos do Partido Comunista"},"content":{"rendered":"<p>O Consulado Geral da China no Recife e a Funda\u00e7\u00e3o Leonel Brizola de Pernambuco (FLB-PE) celebraram, nesta ter\u00e7a-feira (29), o centen\u00e1rio do Partido Comunista da China, em evento virtual realizado pela plataforma zoom. O debate foi promovido em parceria com o Centro Sino-Brasileiro de Pesquisas Socioecon\u00f4micas do Instituto Conf\u00facio (UPE) e a Funda\u00e7\u00e3o Maur\u00edcio Grabois.<\/p>\n<p>Na ocasi\u00e3o, houve uma sauda\u00e7\u00e3o inicial de abertura da C\u00f4nsul, Yan Yuqing, da vice-governadora de Pernambuco, Luciana Santos, do presidente da Funda\u00e7\u00e3o Leonel Brizola em Pernambuco, Pedro Josephi, do presidente da Funda\u00e7\u00e3o Maur\u00edcio Grabois, Renato Rabelo e do vice-diretor do Centro Sino-Brasileiro de Pesquisas Socioecon\u00f4micas do Instituto Conf\u00facio da UPE, Peng Xiantang.<\/p>\n<p>\u201cFoi um rico momento onde pudemos transmitir nossos votos de felicidade pelo centen\u00e1rio do PCCh, bem como, conhecer um pouco mais sobre os feitos, as conquistas e o desenvolvimento impulsionado na China. Para n\u00f3s do PDT, que defendemos a constru\u00e7\u00e3o de um projeto nacional de desenvolvimento com Ciro Gomes, a China \u00e9 um exemplo a ser estudado, seguido e observado por qualquer for\u00e7a pol\u00edtica que queira governar um pa\u00eds com as demandas que o Brasil apresenta.\u201d, afirmou o advogado Pedro Josephi, que preside a FLB-PE<\/p>\n<p>O evento contou ainda com as palestras de Ana Maria Prestes, membro do Comit\u00ea Central do PCdoB; Zhou Zhiwei, da Academia Chinesa de Ci\u00eancias Sociais; Christine Dabat, professora do departamento de hist\u00f3ria da UFPE, e Evandro Carvalho, professor da Funda\u00e7\u00e3o Get\u00falio Vargas.<\/p>\n<!-- AddThis Advanced Settings generic via filter on the_content --><!-- AddThis Share Buttons generic via filter on the_content -->","protected":false},"excerpt":{"rendered":"<p>O Consulado Geral da China no Recife e a Funda\u00e7\u00e3o Leonel Brizola de Pernambuco (FLB-PE) celebraram, nesta ter\u00e7a-feira (29), o centen\u00e1rio do Partido Comunista da China, em evento virtual realizado pela plataforma zoom. O debate foi promovido em parceria com o Centro Sino-Brasileiro de Pesquisas Socioecon\u00f4micas do Instituto Conf\u00facio (UPE) e a Funda\u00e7\u00e3o Maur\u00edcio Grabois&#8230;.<!-- AddThis Advanced Settings generic via filter on wp_trim_excerpt --><!-- AddThis Share Buttons generic via filter on wp_trim_excerpt --><\/p>\n","protected":false},"author":17,"featured_media":78739,"comment_status":"closed","ping_status":"closed","sticky":false,"template":"","format":"standard","meta":{"_monsterinsights_skip_tracking":false,"_monsterinsights_sitenote_active":false,"_monsterinsights_sitenote_note":"","_monsterinsights_sitenote_category":0,"_uf_show_specific_survey":0,"_uf_disable_surveys":false,"footnotes":""},"categories":[1390,3328],"tags":[220,4896,4398,2440],"class_list":["post-78738","post","type-post","status-publish","format-standard","has-post-thumbnail","hentry","category-editorias","category-flb-ap","tag-ciro-gomes","tag-consulado-geral-da-china","tag-fundacao-leonel-brizola-de-pernambuco","tag-partido-comunista-da-china"],"acf":[],"_links":{"self":[{"href":"https:\/\/pdt-rj.org.br\/index.php\/wp-json\/wp\/v2\/posts\/78738","targetHints":{"allow":["GET"]}}],"collection":[{"href":"https:\/\/pdt-rj.org.br\/index.php\/wp-json\/wp\/v2\/posts"}],"about":[{"href":"https:\/\/pdt-rj.org.br\/index.php\/wp-json\/wp\/v2\/types\/post"}],"author":[{"embeddable":true,"href":"https:\/\/pdt-rj.org.br\/index.php\/wp-json\/wp\/v2\/users\/17"}],"replies":[{"embeddable":true,"href":"https:\/\/pdt-rj.org.br\/index.php\/wp-json\/wp\/v2\/comments?post=78738"}],"version-history":[{"count":1,"href":"https:\/\/pdt-rj.org.br\/index.php\/wp-json\/wp\/v2\/posts\/78738\/revisions"}],"predecessor-version":[{"id":78740,"href":"https:\/\/pdt-rj.org.br\/index.php\/wp-json\/wp\/v2\/posts\/78738\/revisions\/78740"}],"wp:featuredmedia":[{"embeddable":true,"href":"https:\/\/pdt-rj.org.br\/index.php\/wp-json\/wp\/v2\/media\/78739"}],"wp:attachment":[{"href":"https:\/\/pdt-rj.org.br\/index.php\/wp-json\/wp\/v2\/media?parent=78738"}],"wp:term":[{"taxonomy":"category","embeddable":true,"href":"https:\/\/pdt-rj.org.br\/index.php\/wp-json\/wp\/v2\/categories?post=78738"},{"taxonomy":"post_tag","embeddable":true,"href":"https:\/\/pdt-rj.org.br\/index.php\/wp-json\/wp\/v2\/tags?post=78738"}],"curies":[{"name":"wp","href":"https:\/\/api.w.org\/{rel}","templated":true}]}}