{"id":78732,"date":"2021-06-28T14:02:34","date_gmt":"2021-06-28T17:02:34","guid":{"rendered":"http:\/\/pdt-rj.org.br\/?p=78732"},"modified":"2021-06-29T14:09:51","modified_gmt":"2021-06-29T17:09:51","slug":"consulado-geral-da-china-e-fundacao-leonel-brizola-celebram-os-100-anos-do-partido-comunista-da-china","status":"publish","type":"post","link":"https:\/\/pdt-rj.org.br\/index.php\/consulado-geral-da-china-e-fundacao-leonel-brizola-celebram-os-100-anos-do-partido-comunista-da-china\/","title":{"rendered":"Consulado Geral da China e Funda\u00e7\u00e3o Leonel Brizola celebram os 100 anos do Partido Comunista da China"},"content":{"rendered":"<p>O Consulado Geral da China no Recife e o Centro Sino-Brasileiro de Pesquisas Socioecon\u00f4micas do Instituto Conf\u00facio (UPE) promovem, na pr\u00f3xima ter\u00e7a-feira (29), em parceria com a Funda\u00e7\u00e3o Leonel Brizola e a Funda\u00e7\u00e3o Maur\u00edcio Grabois, evento virtual para celebrar o centen\u00e1rio do Partido Comunista da China.<\/p>\n<p>O evento \u201cCem Anos do PCCh &#8211; Di\u00e1logo Think Tank China-Brasil\u201d ter\u00e1 uma sauda\u00e7\u00e3o inicial de abertura da C\u00f4nsul, Yan Yuqing; da vice-governadora de Pernambuco, Luciana Santos; do presidente da Funda\u00e7\u00e3o Leonel Brizola em Pernambuco, Pedro Josephi; do presidente da Funda\u00e7\u00e3o Maur\u00edcio Grabois, Renato Rabelo e do vice-diretor do Centro Sino-Brasileiro de Pesquisas Socioecon\u00f4micas do Instituto Conf\u00facio da UPE, Peng Xiantang.<\/p>\n<p>Na sequ\u00eancia, palestrar\u00e3o Ana Maria Prestes (PCdoB), Zhou Zhiwei (Academia Chinesa de Ci\u00eancias Sociais), Christine Dabat (UFPE) e Evandro Carvalho (FGV). O debate come\u00e7ar\u00e1 \u00e0s 9h e ter\u00e1 transmiss\u00e3o aberta ao p\u00fablico pelo endere\u00e7o eletr\u00f4nico https:\/\/zoom.com.cn\/j\/83018528164<\/p>\n<!-- AddThis Advanced Settings generic via filter on the_content --><!-- AddThis Share Buttons generic via filter on the_content -->","protected":false},"excerpt":{"rendered":"<p>O Consulado Geral da China no Recife e o Centro Sino-Brasileiro de Pesquisas Socioecon\u00f4micas do Instituto Conf\u00facio (UPE) promovem, na pr\u00f3xima ter\u00e7a-feira (29), em parceria com a Funda\u00e7\u00e3o Leonel Brizola e a Funda\u00e7\u00e3o Maur\u00edcio Grabois, evento virtual para celebrar o centen\u00e1rio do Partido Comunista da China. O evento \u201cCem Anos do PCCh &#8211; Di\u00e1logo Think&#8230;<!-- AddThis Advanced Settings generic via filter on wp_trim_excerpt --><!-- AddThis Share Buttons generic via filter on wp_trim_excerpt --><\/p>\n","protected":false},"author":17,"featured_media":78735,"comment_status":"closed","ping_status":"closed","sticky":false,"template":"","format":"standard","meta":{"_monsterinsights_skip_tracking":false,"_monsterinsights_sitenote_active":false,"_monsterinsights_sitenote_note":"","_monsterinsights_sitenote_category":0,"_uf_show_specific_survey":0,"_uf_disable_surveys":false,"footnotes":""},"categories":[1390,1402],"tags":[4692,3219,2440],"class_list":["post-78732","post","type-post","status-publish","format-standard","has-post-thumbnail","hentry","category-editorias","category-cidades","tag-consulado-da-china","tag-fundacao-leonel-brizola-alberto-pasqualini-2","tag-partido-comunista-da-china"],"acf":[],"_links":{"self":[{"href":"https:\/\/pdt-rj.org.br\/index.php\/wp-json\/wp\/v2\/posts\/78732","targetHints":{"allow":["GET"]}}],"collection":[{"href":"https:\/\/pdt-rj.org.br\/index.php\/wp-json\/wp\/v2\/posts"}],"about":[{"href":"https:\/\/pdt-rj.org.br\/index.php\/wp-json\/wp\/v2\/types\/post"}],"author":[{"embeddable":true,"href":"https:\/\/pdt-rj.org.br\/index.php\/wp-json\/wp\/v2\/users\/17"}],"replies":[{"embeddable":true,"href":"https:\/\/pdt-rj.org.br\/index.php\/wp-json\/wp\/v2\/comments?post=78732"}],"version-history":[{"count":4,"href":"https:\/\/pdt-rj.org.br\/index.php\/wp-json\/wp\/v2\/posts\/78732\/revisions"}],"predecessor-version":[{"id":78737,"href":"https:\/\/pdt-rj.org.br\/index.php\/wp-json\/wp\/v2\/posts\/78732\/revisions\/78737"}],"wp:featuredmedia":[{"embeddable":true,"href":"https:\/\/pdt-rj.org.br\/index.php\/wp-json\/wp\/v2\/media\/78735"}],"wp:attachment":[{"href":"https:\/\/pdt-rj.org.br\/index.php\/wp-json\/wp\/v2\/media?parent=78732"}],"wp:term":[{"taxonomy":"category","embeddable":true,"href":"https:\/\/pdt-rj.org.br\/index.php\/wp-json\/wp\/v2\/categories?post=78732"},{"taxonomy":"post_tag","embeddable":true,"href":"https:\/\/pdt-rj.org.br\/index.php\/wp-json\/wp\/v2\/tags?post=78732"}],"curies":[{"name":"wp","href":"https:\/\/api.w.org\/{rel}","templated":true}]}}