{"id":78717,"date":"2021-06-26T14:33:12","date_gmt":"2021-06-26T17:33:12","guid":{"rendered":"http:\/\/pdt-rj.org.br\/?p=78717"},"modified":"2021-06-26T18:02:47","modified_gmt":"2021-06-26T21:02:47","slug":"movimento-negro-do-pdt-40-anos-de-luta-coerente-em-defesa-do-povo-afro-brasileiro","status":"publish","type":"post","link":"https:\/\/pdt-rj.org.br\/index.php\/movimento-negro-do-pdt-40-anos-de-luta-coerente-em-defesa-do-povo-afro-brasileiro\/","title":{"rendered":"Movimento Negro do PDT: 40 anos de luta coerente em defesa do povo afro-brasileiro"},"content":{"rendered":"<p>O Brasil \u00e9 o pa\u00eds do continente americano que recebeu o maior fluxo de africanos escravizados entre os s\u00e9culos XVI e XIX. No entanto, passados mais de 130 anos da aboli\u00e7\u00e3o da escravatura, eles ainda encontram problemas no processo de sua plena integra\u00e7\u00e3o social e do exerc\u00edcio de seus direitos de cidadania. A explica\u00e7\u00e3o para esses entraves est\u00e1 no racismo \u00e0 moda brasileira e suas ambiguidades.<\/p>\n<p>Uma das caracter\u00edsticas desse racismo foi a cria\u00e7\u00e3o do mito da democracia racial que, al\u00e9m de camuflar as desigualdades raciais e os conflitos latentes, prejudicou o processo de constru\u00e7\u00e3o da identidade coletiva da popula\u00e7\u00e3o negra e atrasou a discuss\u00e3o na sociedade sobre as reinvindica\u00e7\u00f5es de pol\u00edticas de a\u00e7\u00e3o afirmativa e repara\u00e7\u00e3o.<\/p>\n<p>O racismo, o preconceito e a discrimina\u00e7\u00e3o, predominantes no Estado e disseminados na sociedade como um todo, contribuem para a perpetua\u00e7\u00e3o das injusti\u00e7as e desigualdades, impedindo que o Brasil se torne, efetivamente, uma na\u00e7\u00e3o pluri\u00e9tnica, desenvolvida com igualdade e equidade.<\/p>\n<p>O Partido Democr\u00e1tico Trabalhista, na atual contemporaneidade, foi o primeiro partido brasileiro a fazer o enfrentamento ao racismo, mesmo antes de sua funda\u00e7\u00e3o. Com a elabora\u00e7\u00e3o da Carta de Lisboa, seus signat\u00e1rios reconheceram que o negro escravizado contribuiu de forma eficaz na constru\u00e7\u00e3o desta na\u00e7\u00e3o, sendo por mais de tr\u00eas s\u00e9culos o propulsor da economia e das riquezas brasileiras.<\/p>\n<p>\u201cO quarto compromisso program\u00e1tico do PDT \u00e9 com a causa da popula\u00e7\u00e3o negra, como parte fundamental da luta pela democracia, pela justi\u00e7a social e a verdadeira unidade nacional. Este compromisso concretizaremos no combate a discrimina\u00e7\u00e3o social em todos os campos, em especial, no da educa\u00e7\u00e3o e da cultura e nas rela\u00e7\u00f5es sociais e do trabalho. A democracia e a justi\u00e7a s\u00f3 se realizar\u00e3o, plenamente, quando forem erradicados da nossa sociedade todos os preconceitos raciais, e forem abertas amplas oportunidades de acesso a todos, independente da cor e da situa\u00e7\u00e3o de pobreza.&#8221;<\/p>\n<p>Nesse contexto \u00e9 que foi fundada e instalada, no dia 7 de junho de 1981, na antiga sede do PDT localizada na rua \u00c1lvaro Alvim 48, Rio de Janeiro, a Secretaria do Movimento Negro PDT, em ato solene que contou com a presen\u00e7a de Leonel Brizola, Abdias Nascimento e diversas lideran\u00e7as da luta antirracista. Sua principal finalidade \u00e9<br \/>\ndesenvolver atividades relativas \u00e0s aspira\u00e7\u00f5es, inquietudes e reivindica\u00e7\u00f5es dos afro-brasileiros (as) do lugar que atuam, mantendo estreito e permanente v\u00ednculo com eles (as) e tem como princ\u00edpios o trabalhismo, nacionalismo, toler\u00e2ncia e respeito \u00e0 diversidade.<\/p>\n<p>Ao longo desses quarenta anos, o PDT nos poderes do executivo estaduais e municipais, legislativo, bem como no \u00e2mbito interno, ratificou seu compromisso atrav\u00e9s de pr\u00e1ticas como implanta\u00e7\u00e3o e proposi\u00e7\u00f5es de a\u00e7\u00f5es afirmativas, leis inclusivas e tamb\u00e9m que punem o racismo como crime inafian\u00e7\u00e1vel como \u00e9 o caso da Lei Ca\u00f3, de autoria do nosso saudoso deputado Carlos Alberto Ca\u00f3.<\/p>\n<p>Temos a convic\u00e7\u00e3o de que muito dessas performances vanguardistas deveram-se \u00e0 sensibilidade, ao humanismo, comprometimento e engajamento do estadista Leonel Brizola e da influ\u00eancia e ajuda de grandes brasileiros(as) com: Abdias Nascimento, Edialeda Salgado Nascimento, L\u00e9lia Gonzales, Sebati\u00e3o Rodrigues Alves, Jos\u00e9 Miguel, Hemet\u00e9rio dos Santos, Manoel Lopes Nascimento, Maria Christina Ramos, Vanda Ferreira, Maria Alice dos Santos, Jo\u00e3o Francisco dos Santos, Mar\u00edlia Santiago, Eni Canarim, Carlos Alberto Ca\u00f3, Oswaldo C\u00e2ndido, Maria Jos\u00e9 Lopes da Silva, Ad\u00e9lia Azevedo dos Santos, Renilda Nascimento, Alceu Colares, Albu\u00edno Azeredo e tantas outras e outros que est\u00e3o dando continuidade no enfrentamento ao preconceito, racismo e discrimina\u00e7\u00e3o.<\/p>\n<p>Vida longa \u00e0 Secretaria Nacional do Movimento Negro do PDT!<\/p>\n<p><em><strong>*Ivaldo Paix\u00e3o \u00e9 presidente nacional do Movimento Negro do PDT<\/strong><\/em><\/p>\n<!-- AddThis Advanced Settings generic via filter on the_content --><!-- AddThis Share Buttons generic via filter on the_content -->","protected":false},"excerpt":{"rendered":"<p>O Brasil \u00e9 o pa\u00eds do continente americano que recebeu o maior fluxo de africanos escravizados entre os s\u00e9culos XVI e XIX. No entanto, passados mais de 130 anos da aboli\u00e7\u00e3o da escravatura, eles ainda encontram problemas no processo de sua plena integra\u00e7\u00e3o social e do exerc\u00edcio de seus direitos de cidadania. A explica\u00e7\u00e3o para&#8230;<!-- AddThis Advanced Settings generic via filter on wp_trim_excerpt --><!-- AddThis Share Buttons generic via filter on wp_trim_excerpt --><\/p>\n","protected":false},"author":17,"featured_media":53433,"comment_status":"closed","ping_status":"closed","sticky":false,"template":"","format":"standard","meta":{"_monsterinsights_skip_tracking":false,"_monsterinsights_sitenote_active":false,"_monsterinsights_sitenote_note":"","_monsterinsights_sitenote_category":0,"_uf_show_specific_survey":0,"_uf_disable_surveys":false,"footnotes":""},"categories":[1584,1390,4549],"tags":[4568,1135],"class_list":["post-78717","post","type-post","status-publish","format-standard","has-post-thumbnail","hentry","category-artigos","category-editorias","category-memoria","tag-abolicao-da-escravatura","tag-movimento-negro-do-pdt"],"acf":[],"_links":{"self":[{"href":"https:\/\/pdt-rj.org.br\/index.php\/wp-json\/wp\/v2\/posts\/78717","targetHints":{"allow":["GET"]}}],"collection":[{"href":"https:\/\/pdt-rj.org.br\/index.php\/wp-json\/wp\/v2\/posts"}],"about":[{"href":"https:\/\/pdt-rj.org.br\/index.php\/wp-json\/wp\/v2\/types\/post"}],"author":[{"embeddable":true,"href":"https:\/\/pdt-rj.org.br\/index.php\/wp-json\/wp\/v2\/users\/17"}],"replies":[{"embeddable":true,"href":"https:\/\/pdt-rj.org.br\/index.php\/wp-json\/wp\/v2\/comments?post=78717"}],"version-history":[{"count":7,"href":"https:\/\/pdt-rj.org.br\/index.php\/wp-json\/wp\/v2\/posts\/78717\/revisions"}],"predecessor-version":[{"id":78724,"href":"https:\/\/pdt-rj.org.br\/index.php\/wp-json\/wp\/v2\/posts\/78717\/revisions\/78724"}],"wp:featuredmedia":[{"embeddable":true,"href":"https:\/\/pdt-rj.org.br\/index.php\/wp-json\/wp\/v2\/media\/53433"}],"wp:attachment":[{"href":"https:\/\/pdt-rj.org.br\/index.php\/wp-json\/wp\/v2\/media?parent=78717"}],"wp:term":[{"taxonomy":"category","embeddable":true,"href":"https:\/\/pdt-rj.org.br\/index.php\/wp-json\/wp\/v2\/categories?post=78717"},{"taxonomy":"post_tag","embeddable":true,"href":"https:\/\/pdt-rj.org.br\/index.php\/wp-json\/wp\/v2\/tags?post=78717"}],"curies":[{"name":"wp","href":"https:\/\/api.w.org\/{rel}","templated":true}]}}