{"id":78709,"date":"2021-06-26T13:02:50","date_gmt":"2021-06-26T16:02:50","guid":{"rendered":"http:\/\/pdt-rj.org.br\/?p=78709"},"modified":"2021-06-26T13:14:51","modified_gmt":"2021-06-26T16:14:51","slug":"movimento-negro-do-pdt-completa-40-anos","status":"publish","type":"post","link":"https:\/\/pdt-rj.org.br\/index.php\/movimento-negro-do-pdt-completa-40-anos\/","title":{"rendered":"Movimento Negro do PDT completa 40 anos"},"content":{"rendered":"<h3><em>Caf\u00e9 com Lupi aborda luta pedetista pela inclus\u00e3o racial iniciada por Abdias do Nascimento e Brizola<\/em><\/h3>\n<p>&nbsp;<\/p>\n<p>Quando se fala em defesa de minorias, o PDT \u00e9 sempre pioneiro no Brasil. Dessa vez, o partido est\u00e1 comemorando 40 anos do seu Movimento Negro e o Caf\u00e9 com Lupi deste s\u00e1bado (26) se dedicou inteiramente a data. Para lembrar a luta e as conquistas pedetistas ao longo dessas quatro d\u00e9cadas, o presidente nacional da legenda, Carlos Lupi, convidou o presidente do Movimento, Ivaldo Paix\u00e3o, e a diretora do Instituto de Pesquisa e Estudos Afro-brasileiros (Ipeafro), Elisa Larkin.<\/p>\n<p>Na realidade, anos antes de criar o Movimento Negro e a pr\u00f3prio PDT \u2013 ao menos sob essa sigla \u2013, os trabalhistas j\u00e1 previam em documento a luta pelo povo negro marginalizado no Brasil. A Carta de Lisboa, em 1979, afirmava a inten\u00e7\u00e3o em \u201cfazer justi\u00e7a aos negros e aos \u00edndios que, al\u00e9m da explora\u00e7\u00e3o geral de classe, sofrem uma discrimina\u00e7\u00e3o racial e \u00e9tnica\u201d.<\/p>\n<p>Expoente incontest\u00e1vel dessa luta e maior lideran\u00e7a negra do pa\u00eds no s\u00e9culo XX, Abdias do Nascimento foi quem protagonizou o in\u00edcio do movimento. De acordo com sua esposa, a diretora do Ipeafro, Elisa Larkin, sua inten\u00e7\u00e3o de ligar o trabalhismo \u00e0 causa negra remonta o long\u00ednquo ano de 1945, quando os trabalhistas brasileiros se organizavam ainda sob a sigla PTB. Mas foi ap\u00f3s o retorno de Brizola do ex\u00edlio, na funda\u00e7\u00e3o do PDT, que p\u00f4de se concretizar.<\/p>\n<p>\u201cAbdias do Nascimento e Sebasti\u00e3o Rodrigues Alves, j\u00e1 em 1945, no antigo PTB, estavam reivindicando a funda\u00e7\u00e3o de um diret\u00f3rio negro\u201d, disse Elisa. Em seguida, ela conta que esse processo p\u00f4de ser concretizado quando Brizola e Abdias se reuniram no momento de funda\u00e7\u00e3o do PDT, gra\u00e7as a empatia do trabalhista acerca das quest\u00f5es raciais. \u201c[Na conversa] o governador Brizola ouvia, mas n\u00e3o s\u00f3 ouvia, ele assimilava a experi\u00eancia [de Abdias] junto com a sua pr\u00f3pria. Era percept\u00edvel o processo de identifica\u00e7\u00e3o dele\u201d, relembrou.<\/p>\n<p>Com o pontap\u00e9 inicial dado a partir desse entendimento e de a\u00e7\u00f5es inclusivas como a nomea\u00e7\u00e3o de secret\u00e1rios negros por Brizola em seu governo, o Movimento Negro do PDT construiu uma trajet\u00f3ria de luta, com a contribui\u00e7\u00e3o de memor\u00e1veis lideran\u00e7as e muitas vit\u00f3rias. Ivaldo Paix\u00e3o fez quest\u00e3o de evocar alguns nomes como Edialeda do Nascimento e Alceu Collares.<\/p>\n<p>Paix\u00e3o elencou as principais conquistas do Movimento Negro ao longo desses 40 anos. \u201cS\u00e3o v\u00e1rios fatos importantes, mas os principais foram justamente a implementa\u00e7\u00e3o de pol\u00edticas de a\u00e7\u00e3o afirmativa. Tamb\u00e9m a ocupa\u00e7\u00e3o de espa\u00e7o nos secretariados nos governos pedetistas [&#8230;] E no parlamento eu cito a lei que criminaliza o racismo e o preconceito, conhecida como Lei Ca\u00f3, de Carlos Alberto de Oliveira\u201d, lembrou o presidente do Movimento Negro.<\/p>\n<p>O Caf\u00e9 com Lupi exibiu ainda um v\u00eddeo de apresenta\u00e7\u00e3o do Ipeafro, com depoimento de diversos integrantes acerca do que o instituto representa para a popula\u00e7\u00e3o e para a cultura afro-brasileira. O breve documento tamb\u00e9m abordou o rico acervo com a mem\u00f3ria da luta pela inclus\u00e3o racial no pa\u00eds. Vale a pena conferir.<\/p>\n<p>Veja o programa completo no v\u00eddeo abaixo.<\/p>\n<p><iframe loading=\"lazy\" title=\"YouTube video player\" src=\"\/\/www.youtube.com\/embed\/hA-zcuzPE8k\" width=\"853\" height=\"480\" frameborder=\"0\" allowfullscreen=\"allowfullscreen\"><\/iframe><\/p>\n<!-- AddThis Advanced Settings generic via filter on the_content --><!-- AddThis Share Buttons generic via filter on the_content -->","protected":false},"excerpt":{"rendered":"<p>Caf\u00e9 com Lupi aborda luta pedetista pela inclus\u00e3o racial iniciada por Abdias do Nascimento e Brizola &nbsp; Quando se fala em defesa de minorias, o PDT \u00e9 sempre pioneiro no Brasil. Dessa vez, o partido est\u00e1 comemorando 40 anos do seu Movimento Negro e o Caf\u00e9 com Lupi deste s\u00e1bado (26) se dedicou inteiramente a&#8230;<!-- AddThis Advanced Settings generic via filter on wp_trim_excerpt --><!-- AddThis Share Buttons generic via filter on wp_trim_excerpt --><\/p>\n","protected":false},"author":17,"featured_media":78710,"comment_status":"closed","ping_status":"closed","sticky":false,"template":"","format":"standard","meta":{"_monsterinsights_skip_tracking":false,"_monsterinsights_sitenote_active":false,"_monsterinsights_sitenote_note":"","_monsterinsights_sitenote_category":0,"_uf_show_specific_survey":0,"_uf_disable_surveys":false,"footnotes":""},"categories":[975,1397,1587],"tags":[],"class_list":["post-78709","post","type-post","status-publish","format-standard","has-post-thumbnail","hentry","category-manchete","category-movimentos","category-negro"],"acf":[],"_links":{"self":[{"href":"https:\/\/pdt-rj.org.br\/index.php\/wp-json\/wp\/v2\/posts\/78709","targetHints":{"allow":["GET"]}}],"collection":[{"href":"https:\/\/pdt-rj.org.br\/index.php\/wp-json\/wp\/v2\/posts"}],"about":[{"href":"https:\/\/pdt-rj.org.br\/index.php\/wp-json\/wp\/v2\/types\/post"}],"author":[{"embeddable":true,"href":"https:\/\/pdt-rj.org.br\/index.php\/wp-json\/wp\/v2\/users\/17"}],"replies":[{"embeddable":true,"href":"https:\/\/pdt-rj.org.br\/index.php\/wp-json\/wp\/v2\/comments?post=78709"}],"version-history":[{"count":4,"href":"https:\/\/pdt-rj.org.br\/index.php\/wp-json\/wp\/v2\/posts\/78709\/revisions"}],"predecessor-version":[{"id":78715,"href":"https:\/\/pdt-rj.org.br\/index.php\/wp-json\/wp\/v2\/posts\/78709\/revisions\/78715"}],"wp:featuredmedia":[{"embeddable":true,"href":"https:\/\/pdt-rj.org.br\/index.php\/wp-json\/wp\/v2\/media\/78710"}],"wp:attachment":[{"href":"https:\/\/pdt-rj.org.br\/index.php\/wp-json\/wp\/v2\/media?parent=78709"}],"wp:term":[{"taxonomy":"category","embeddable":true,"href":"https:\/\/pdt-rj.org.br\/index.php\/wp-json\/wp\/v2\/categories?post=78709"},{"taxonomy":"post_tag","embeddable":true,"href":"https:\/\/pdt-rj.org.br\/index.php\/wp-json\/wp\/v2\/tags?post=78709"}],"curies":[{"name":"wp","href":"https:\/\/api.w.org\/{rel}","templated":true}]}}