{"id":78701,"date":"2021-06-24T12:00:01","date_gmt":"2021-06-24T15:00:01","guid":{"rendered":"http:\/\/pdt-rj.org.br\/?p=78701"},"modified":"2021-06-24T12:00:01","modified_gmt":"2021-06-24T15:00:01","slug":"niteroi-rj-ja-vacinou-mais-da-metade-da-populacao-contra-covid-19","status":"publish","type":"post","link":"https:\/\/pdt-rj.org.br\/index.php\/niteroi-rj-ja-vacinou-mais-da-metade-da-populacao-contra-covid-19\/","title":{"rendered":"Niter\u00f3i (RJ) j\u00e1 vacinou mais da metade da popula\u00e7\u00e3o contra Covid-19"},"content":{"rendered":"<p style=\"font-weight: 400;\">A Prefeitura de Niter\u00f3i, sob a gest\u00e3o de Axel Grael (PDT), j\u00e1 aplicou a primeira dose da imuniza\u00e7\u00e3o contra a Covid-19 em mais de 50% da popula\u00e7\u00e3o, estimada em 515.317 habitantes pelo IBGE. At\u00e9 a \u00faltima segunda-feira (21) foram vacinados 260.739 niteroienses com a primeira dose e 99.154 pessoas receberam a segunda dose do imunizante.<\/p>\n<p style=\"font-weight: 400;\">O secret\u00e1rio municipal de Sa\u00fade de Niter\u00f3i, Rodrigo Oliveira, fala sobre essa conquista e ressalta o empenho do munic\u00edpio no processo de vacina\u00e7\u00e3o.<\/p>\n<p style=\"font-weight: 400;\">\u201cDesde o in\u00edcio da vacina\u00e7\u00e3o contra a Covid-19, trabalhamos com empenho para imunizar o mais r\u00e1pido poss\u00edvel os moradores de Niter\u00f3i. Hoje ultrapassamos a marca de 50% da popula\u00e7\u00e3o vacinada com a primeira dose. Essa \u00e9 uma grande conquista e vamos continuar trabalhando nas a\u00e7\u00f5es de combate ao coronav\u00edrus. Aproveito para agradecer aos profissionais de sa\u00fade, que desempenham seu trabalho de forma incans\u00e1vel, e \u00e0 popula\u00e7\u00e3o do munic\u00edpio pela consci\u00eancia nas medidas de preven\u00e7\u00e3o \u00e0 doen\u00e7a\u201d, afirmou o secret\u00e1rio.<\/p>\n<p style=\"font-weight: 400;\">Al\u00e9m de ultrapassar um marco que a maioria das cidades da Regi\u00e3o Metropolitana do Rio est\u00e3o longe de alcan\u00e7ar, Niter\u00f3i j\u00e1 concluiu a aplica\u00e7\u00e3o da primeira dose do imunizante em pessoas com 60 anos ou mais, profissionais de sa\u00fade da linha de frente e com mais de 60 anos, pessoas que vivem em institui\u00e7\u00f5es de longa perman\u00eancia, quilombolas e profissionais da educa\u00e7\u00e3o b\u00e1sica que atuam no munic\u00edpio.<\/p>\n<p style=\"font-weight: 400;\">A Secretaria Municipal de Sa\u00fade (SMS) de Niter\u00f3i ampliou o calend\u00e1rio de vacina\u00e7\u00e3o para a popula\u00e7\u00e3o geral. A meta \u00e9 imunizar todas as pessoas com mais de 40 anos at\u00e9 o dia 2 de julho. Nessa quarta-feira foram vacinadas pessoas sem comorbidade maiores de 47 anos. O calend\u00e1rio segue diminuindo uma idade a cada dia.<\/p>\n<p style=\"font-weight: 400;\">O munic\u00edpio tamb\u00e9m espera concluir esta semana a vacina\u00e7\u00e3o de todos os trabalhadores da educa\u00e7\u00e3o superior privada, estadual e federal e cursos profissionalizantes lotados em Niter\u00f3i com mais de 18 anos. A imuniza\u00e7\u00e3o dos portu\u00e1rios tamb\u00e9m deve ser conclu\u00edda este m\u00eas.<\/p>\n<p style=\"font-weight: 400;\"><strong>Prioridade<\/strong><\/p>\n<p style=\"font-weight: 400;\">Podem procurar um posto de vacina\u00e7\u00e3o a qualquer data as m\u00e3es que estejam amamentando, independentemente da idade do beb\u00ea, gestantes e pu\u00e9rperas maiores de 18 anos.\u00a0 Para todas, \u00e9 necess\u00e1rio declara\u00e7\u00e3o m\u00e9dica indicando a vacina\u00e7\u00e3o e comprovante de resid\u00eancia.<\/p>\n<p style=\"font-weight: 400;\">A vacina est\u00e1 dispon\u00edvel nos 11 pontos distribu\u00eddos pelo munic\u00edpio, com entrada liberada das 8h \u00e0s 16h e aplica\u00e7\u00e3o das vacinas at\u00e9 17h. No Campo de S\u00e3o Bento, a imuniza\u00e7\u00e3o vai at\u00e9 as 16h. Para as gestantes\u00a0pu\u00e9rperas e lactantes a imuniza\u00e7\u00e3o ocorre em tr\u00eas pontos: Policl\u00ednica Regional S\u00e9rgio Arouca (Vital Brazil), Policl\u00ednica Regional Carlos Ant\u00f4nio da Silva (S\u00e3o Louren\u00e7o) e Policl\u00ednica Regional de Itaipu.<\/p>\n<p style=\"font-weight: 400;\"><strong>Documenta\u00e7\u00e3o<\/strong><\/p>\n<p style=\"font-weight: 400;\">Para receber a vacina \u00e9 necess\u00e1rio apresentar comprovante de resid\u00eancia, identidade e no caso das gestantes e lactantes (sem limite de idade do beb\u00ea), laudo com indica\u00e7\u00e3o m\u00e9dica. Os trabalhadores da educa\u00e7\u00e3o lotados em Niter\u00f3i, al\u00e9m de comprovante de resid\u00eancia e identidade, devem apresentar o contracheque.<\/p>\n<p style=\"font-weight: 400;\"><strong>\u00a0<\/strong><strong>Segunda dose<\/strong><\/p>\n<p style=\"font-weight: 400;\">Niter\u00f3i tem imunizantes reservados em todos os postos de vacina\u00e7\u00e3o para quem tomou a primeira dose na cidade. Neste momento, existem 4.302 pessoas com a segunda dose em atraso, o que representa cerca de 4% do total aplicado. Equipes das unidades da rede b\u00e1sica de sa\u00fade orientam os usu\u00e1rios cadastrados sobre a necessidade da imuniza\u00e7\u00e3o e fazem busca ativa nos cadastros dos vacinados com a primeira dose para alertar sobre a data da segunda aplica\u00e7\u00e3o.<\/p>\n<p style=\"font-weight: 400;\">A orienta\u00e7\u00e3o do Minist\u00e9rio da Sa\u00fade (MS) \u00e9 completar a imuniza\u00e7\u00e3o mesmo depois do prazo recomendado. A segunda dose \u00e9 fundamental para garantir a prote\u00e7\u00e3o adequada contra a doen\u00e7a.<\/p>\n<p style=\"font-weight: 400;\"><strong>Confira o calend\u00e1rio:<\/strong><\/p>\n<p style=\"font-weight: 400;\"><strong>Popula\u00e7\u00e3o Geral<\/strong><\/p>\n<p style=\"font-weight: 400;\">24\/06 \u2013 a partir de 46 anos<\/p>\n<p style=\"font-weight: 400;\">25\/06 \u2013 a partir de 45 anos<\/p>\n<p style=\"font-weight: 400;\">26\/06 \u2013 repescagem<\/p>\n<p style=\"font-weight: 400;\">28\/06 \u2013 a partir de 44 anos<\/p>\n<p style=\"font-weight: 400;\">29\/06 \u2013 a partir de 43 anos<\/p>\n<p style=\"font-weight: 400;\">30\/06 \u2013 a partir de 42 anos<\/p>\n<p style=\"font-weight: 400;\">01\/07 \u2013 a partir de 41\/ 40 anos<\/p>\n<p style=\"font-weight: 400;\">02\/07- a partir de 40 anos<\/p>\n<p style=\"font-weight: 400;\"><strong>Trabalhadores da Educa\u00e7\u00e3o Superior<\/strong><\/p>\n<p style=\"font-weight: 400;\">23\/06 \u2013 a partir de 30 anos<\/p>\n<p style=\"font-weight: 400;\">24, 25 e 26\/06 \u2013 a partir de 18 anos<\/p>\n<p style=\"font-weight: 400;\"><strong>Locais de vacina\u00e7\u00e3o:<\/strong><\/p>\n<p style=\"font-weight: 400;\">Policl\u00ednica S\u00e9rgio Arouca \u2013 Rua Vital Brazil Filho, s\/n\u00ba \u2013 Vital Brazil.<\/p>\n<p style=\"font-weight: 400;\">Policl\u00ednica Dr. Jo\u00e3o da Silva Vizella \u2013 Rua Luiz Palmier, 726 \u2013 Barreto.<\/p>\n<p style=\"font-weight: 400;\">Policl\u00ednica Regional de Itaipu \u2013 Avenida Irene Lopes Sodr\u00e9 \u2013 Itaipu.<\/p>\n<p style=\"font-weight: 400;\">Policl\u00ednica Regional Carlos Ant\u00f4nio da Silva \u2013 Avenida Jansen de Melo, s\/n\u00ba \u2013 S\u00e3o Louren\u00e7o.<\/p>\n<p style=\"font-weight: 400;\">Policl\u00ednica Regional Doutor Guilherme Taylor March \u2013 R. Desembargador Lima Castro, 238 \u2013 Fonseca.<\/p>\n<p style=\"font-weight: 400;\">Policl\u00ednica Regional de Piratininga Dom Lu\u00eds Orione \u2013 Rua Dr. Marcolino Gomes Candau, 111\u2013 Piratininga.<\/p>\n<p style=\"font-weight: 400;\">Policl\u00ednica Regional Dr. Renato Silva \u2013 Avenida Jo\u00e3o Brasil, s\/n\u00ba \u2013 Engenhoca<\/p>\n<p style=\"font-weight: 400;\">Drive thru na Universidade Federal Fluminense \u2013 Campus Gragoat\u00e1 \u2013 Rua Alexandre Moura, 8 \u2013 S\u00e3o Domingos.<\/p>\n<p style=\"font-weight: 400;\">Posto volante no Clube Central: Av. Jorn. Alberto Francisco Torres, 335 \u2013 Icara\u00ed<\/p>\n<p style=\"font-weight: 400;\">Posto volante no Col\u00e9gio Gomes Pereira: Av. Rui Barbosa, 1250 \u2013 Largo da Batalha<\/p>\n<p style=\"font-weight: 400;\">Posto volante no Campo de S\u00e3o Bento: Centro Cultural Paschoal Carlos Magno \u2013 Icara\u00ed<\/p>\n<!-- AddThis Advanced Settings generic via filter on the_content --><!-- AddThis Share Buttons generic via filter on the_content -->","protected":false},"excerpt":{"rendered":"<p>A Prefeitura de Niter\u00f3i, sob a gest\u00e3o de Axel Grael (PDT), j\u00e1 aplicou a primeira dose da imuniza\u00e7\u00e3o contra a Covid-19 em mais de 50% da popula\u00e7\u00e3o, estimada em 515.317 habitantes pelo IBGE. At\u00e9 a \u00faltima segunda-feira (21) foram vacinados 260.739 niteroienses com a primeira dose e 99.154 pessoas receberam a segunda dose do imunizante&#8230;.<!-- AddThis Advanced Settings generic via filter on wp_trim_excerpt --><!-- AddThis Share Buttons generic via filter on wp_trim_excerpt --><\/p>\n","protected":false},"author":17,"featured_media":78702,"comment_status":"closed","ping_status":"closed","sticky":false,"template":"","format":"standard","meta":{"_monsterinsights_skip_tracking":false,"_monsterinsights_sitenote_active":false,"_monsterinsights_sitenote_note":"","_monsterinsights_sitenote_category":0,"_uf_show_specific_survey":0,"_uf_disable_surveys":false,"footnotes":""},"categories":[1390,1402],"tags":[4025,1476,4545],"class_list":["post-78701","post","type-post","status-publish","format-standard","has-post-thumbnail","hentry","category-editorias","category-cidades","tag-axel-grael","tag-ibge","tag-prefeitura-de-niteroi-rj"],"acf":[],"_links":{"self":[{"href":"https:\/\/pdt-rj.org.br\/index.php\/wp-json\/wp\/v2\/posts\/78701","targetHints":{"allow":["GET"]}}],"collection":[{"href":"https:\/\/pdt-rj.org.br\/index.php\/wp-json\/wp\/v2\/posts"}],"about":[{"href":"https:\/\/pdt-rj.org.br\/index.php\/wp-json\/wp\/v2\/types\/post"}],"author":[{"embeddable":true,"href":"https:\/\/pdt-rj.org.br\/index.php\/wp-json\/wp\/v2\/users\/17"}],"replies":[{"embeddable":true,"href":"https:\/\/pdt-rj.org.br\/index.php\/wp-json\/wp\/v2\/comments?post=78701"}],"version-history":[{"count":1,"href":"https:\/\/pdt-rj.org.br\/index.php\/wp-json\/wp\/v2\/posts\/78701\/revisions"}],"predecessor-version":[{"id":78703,"href":"https:\/\/pdt-rj.org.br\/index.php\/wp-json\/wp\/v2\/posts\/78701\/revisions\/78703"}],"wp:featuredmedia":[{"embeddable":true,"href":"https:\/\/pdt-rj.org.br\/index.php\/wp-json\/wp\/v2\/media\/78702"}],"wp:attachment":[{"href":"https:\/\/pdt-rj.org.br\/index.php\/wp-json\/wp\/v2\/media?parent=78701"}],"wp:term":[{"taxonomy":"category","embeddable":true,"href":"https:\/\/pdt-rj.org.br\/index.php\/wp-json\/wp\/v2\/categories?post=78701"},{"taxonomy":"post_tag","embeddable":true,"href":"https:\/\/pdt-rj.org.br\/index.php\/wp-json\/wp\/v2\/tags?post=78701"}],"curies":[{"name":"wp","href":"https:\/\/api.w.org\/{rel}","templated":true}]}}