{"id":78687,"date":"2021-06-23T15:38:09","date_gmt":"2021-06-23T18:38:09","guid":{"rendered":"http:\/\/pdt-rj.org.br\/?p=78687"},"modified":"2021-06-23T16:04:33","modified_gmt":"2021-06-23T19:04:33","slug":"sob-a-gestao-da-pedetista-fernanda-ontiveros-prefeitura-de-japeri-rj-amplia-escola-do-municipio","status":"publish","type":"post","link":"https:\/\/pdt-rj.org.br\/index.php\/sob-a-gestao-da-pedetista-fernanda-ontiveros-prefeitura-de-japeri-rj-amplia-escola-do-municipio\/","title":{"rendered":"Sob a gest\u00e3o da pedetista Fernanda Ontiveros, prefeitura de Japeri (RJ) amplia escola do munic\u00edpio"},"content":{"rendered":"<p class=\"has-text-align-justify\">Mesmo em meio da pandemia do novo coronav\u00edrus, os avan\u00e7os na educa\u00e7\u00e3o p\u00fablica de Japeri (RJ) seguem a todo vapor. Enquanto as aulas permanecem pelo sistema remoto, a prefeita Fernanda Ontiveros (PDT) e a Secretaria Municipal de Educa\u00e7\u00e3o, est\u00e1 aproveitando para reformar, modernizar e ampliar a Escola Municipal Ary Schiavo, no Centro. Com quase 85% da obra conclu\u00edda, a melhoria no espa\u00e7o visa aumentar a qualidade de ensino e promover mais conforto para os alunos no retorno das aulas presenciais.<\/p>\n<p class=\"has-text-align-justify\">Gra\u00e7as ao avan\u00e7o da imuniza\u00e7\u00e3o contra a Covid-19, a t\u00e3o sonhada volta \u00e0s aulas presenciais tem se tornado cada vez mais poss\u00edvel para os mais de 14 mil alunos da rede municipal de ensino. \u201cEstamos muito felizes com a vacina\u00e7\u00e3o dos profissionais de educa\u00e7\u00e3o. Acreditamos que em agosto conseguiremos dar um grande passo para o retorno das aulas com a modalidade h\u00edbrida, ou seja, presencial e on-line, com apenas 50% da capacidade dos alunos nas salas\u201d, contou a secret\u00e1ria da Pasta, Professora Caroline Ontiveros.<\/p>\n<p class=\"has-text-align-justify\">A unidade, que conta com mais de 950 alunos matriculados, est\u00e1 passando por reparos de pintura na parte externa e interna; revitaliza\u00e7\u00e3o da quadra, com pinturas do piso, demarca\u00e7\u00e3o e coloca\u00e7\u00e3o de alambrado, arquibancada, tela de nylon e cesta de basquete; execu\u00e7\u00e3o e melhoria do sistema hidrossanit\u00e1rio; constru\u00e7\u00e3o de novos banheiros no segundo pavimento e vesti\u00e1rios com vaso e chuveiro pr\u00f3ximo da quadra, al\u00e9m da reforma dos banheiros existentes, amplia\u00e7\u00e3o das salas e cria\u00e7\u00e3o de uma copa para os funcion\u00e1rios.<\/p>\n<p class=\"has-text-align-justify\">De acordo com a Prefeita, Dr\u00aa Fernanda Ontiveros, outras unidades de ensino ser\u00e3o reformadas em breve. \u201cEstamos com uma licita\u00e7\u00e3o em aberto para realizar obras de melhorias nas Escolas Municipais Jo\u00e3o XXII e Belo Horizonte. Nosso objetivo \u00e9 proporcionar um ensino de qualidade e com escolas adequadas para as nossas crian\u00e7as e adolescentes\u201d, concluiu a gestora.<\/p>\n<!-- AddThis Advanced Settings generic via filter on the_content --><!-- AddThis Share Buttons generic via filter on the_content -->","protected":false},"excerpt":{"rendered":"<p>Mesmo em meio da pandemia do novo coronav\u00edrus, os avan\u00e7os na educa\u00e7\u00e3o p\u00fablica de Japeri (RJ) seguem a todo vapor. Enquanto as aulas permanecem pelo sistema remoto, a prefeita Fernanda Ontiveros (PDT) e a Secretaria Municipal de Educa\u00e7\u00e3o, est\u00e1 aproveitando para reformar, modernizar e ampliar a Escola Municipal Ary Schiavo, no Centro. Com quase 85%&#8230;<!-- AddThis Advanced Settings generic via filter on wp_trim_excerpt --><!-- AddThis Share Buttons generic via filter on wp_trim_excerpt --><\/p>\n","protected":false},"author":17,"featured_media":78690,"comment_status":"closed","ping_status":"closed","sticky":false,"template":"","format":"standard","meta":{"_monsterinsights_skip_tracking":false,"_monsterinsights_sitenote_active":false,"_monsterinsights_sitenote_note":"","_monsterinsights_sitenote_category":0,"_uf_show_specific_survey":0,"_uf_disable_surveys":false,"footnotes":""},"categories":[1390,1402],"tags":[4888,4250,4782],"class_list":["post-78687","post","type-post","status-publish","format-standard","has-post-thumbnail","hentry","category-editorias","category-cidades","tag-avancos-na-educacao-publica-de-japeri-rj","tag-fernanda-ontiveros","tag-prefeitura-de-japeri-rj"],"acf":[],"_links":{"self":[{"href":"https:\/\/pdt-rj.org.br\/index.php\/wp-json\/wp\/v2\/posts\/78687","targetHints":{"allow":["GET"]}}],"collection":[{"href":"https:\/\/pdt-rj.org.br\/index.php\/wp-json\/wp\/v2\/posts"}],"about":[{"href":"https:\/\/pdt-rj.org.br\/index.php\/wp-json\/wp\/v2\/types\/post"}],"author":[{"embeddable":true,"href":"https:\/\/pdt-rj.org.br\/index.php\/wp-json\/wp\/v2\/users\/17"}],"replies":[{"embeddable":true,"href":"https:\/\/pdt-rj.org.br\/index.php\/wp-json\/wp\/v2\/comments?post=78687"}],"version-history":[{"count":4,"href":"https:\/\/pdt-rj.org.br\/index.php\/wp-json\/wp\/v2\/posts\/78687\/revisions"}],"predecessor-version":[{"id":78693,"href":"https:\/\/pdt-rj.org.br\/index.php\/wp-json\/wp\/v2\/posts\/78687\/revisions\/78693"}],"wp:featuredmedia":[{"embeddable":true,"href":"https:\/\/pdt-rj.org.br\/index.php\/wp-json\/wp\/v2\/media\/78690"}],"wp:attachment":[{"href":"https:\/\/pdt-rj.org.br\/index.php\/wp-json\/wp\/v2\/media?parent=78687"}],"wp:term":[{"taxonomy":"category","embeddable":true,"href":"https:\/\/pdt-rj.org.br\/index.php\/wp-json\/wp\/v2\/categories?post=78687"},{"taxonomy":"post_tag","embeddable":true,"href":"https:\/\/pdt-rj.org.br\/index.php\/wp-json\/wp\/v2\/tags?post=78687"}],"curies":[{"name":"wp","href":"https:\/\/api.w.org\/{rel}","templated":true}]}}