{"id":78682,"date":"2021-06-23T12:37:10","date_gmt":"2021-06-23T15:37:10","guid":{"rendered":"http:\/\/pdt-rj.org.br\/?p=78682"},"modified":"2021-06-23T12:37:10","modified_gmt":"2021-06-23T15:37:10","slug":"arariboia-maior-programa-de-transferencia-de-renda-em-cidades-de-medio-porte-do-pais","status":"publish","type":"post","link":"https:\/\/pdt-rj.org.br\/index.php\/arariboia-maior-programa-de-transferencia-de-renda-em-cidades-de-medio-porte-do-pais\/","title":{"rendered":"Arariboia: maior programa de transfer\u00eancia de renda em cidades de m\u00e9dio porte do Pa\u00eds"},"content":{"rendered":"<div class=\"msg-body P_wpofO mq_AS\" data-test-id=\"message-view-body-content\">\n<div class=\"jb_0 X_6MGW N_6Fd5\">\n<div id=\"yiv3662703233\">\n<div dir=\"ltr\">\n<p class=\"yiv3662703233MsoNormal\"><strong>Objetivo \u00e9 garantir a gera\u00e7\u00e3o de emprego e renda, impedindo que a Covid aumente as desigualdades<\/strong><\/p>\n<p class=\"yiv3662703233MsoNormal\">Al\u00e9m de deixar milh\u00f5es de mortos em todo o mundo, a pandemia do novo coronav\u00edrus estremeceu os alicerces da economia global. De acordo com o Banco Mundial, at\u00e9 o fim de 2021, a pandemia pode levar mais 150 milh\u00f5es de pessoas \u00e0 pobreza extrema em todo o mundo. No Brasil, este quadro n\u00e3o \u00e9 diferente, muito pelo contr\u00e1rio. \u00c0 beira dos 500 mil mortos, o Brasil vive uma de suas mais graves crises pol\u00edticas e econ\u00f4micas. Segundo estudo da Universidade de S\u00e3o Paulo, o Brasil deve somar 61,1 milh\u00f5es de pessoas vivendo na pobreza e 19,3 milh\u00f5es na extrema pobreza.<\/p>\n<p class=\"yiv3662703233MsoNormal\">Dados do IBGE apontam que o Rio de Janeiro vive um recorde hist\u00f3rico de desemprego. O estado fechou o primeiro trimestre deste ano com 1,6 milh\u00e3o de trabalhadores em busca de uma vaga. Em Niter\u00f3i, desde o in\u00edcio da pandemia, n\u00e3o poupamos esfor\u00e7os para salvar vidas e para minimizar o impacto na economia. Por isso, nossa cidade apresenta um cen\u00e1rio diferenciado. Dados do Caged apontam que a cidade j\u00e1 est\u00e1 gerando empregos. Em 2021, foram mais de 870 novos postos de trabalho na cidade.<\/p>\n<p class=\"yiv3662703233MsoNormal\">At\u00e9 o final deste ano, ao todo, a Prefeitura de Niter\u00f3i ter\u00e1 investido R$ 1 bilh\u00e3o na retaguarda hospitalar e em programas sociais como Renda B\u00e1sica Tempor\u00e1ria, Empresa Cidad\u00e3 e Supera Niter\u00f3i. Sempre confiamos na ci\u00eancia e nunca tivemos d\u00favidas entre priorizar a sa\u00fade ou a economia. Aqui, atuamos nas diferentes frentes, com estrat\u00e9gia, planejamento e afinco para defender nossa cidade.<\/p>\n<p class=\"yiv3662703233MsoNormal\">Desde abril do ano passado, a Prefeitura de Niter\u00f3i est\u00e1 pagando R$ 500 mensais \u00e0s 50 mil fam\u00edlias que mais precisam (aproximadamente a metade da popula\u00e7\u00e3o da cidade). O Munic\u00edpio tamb\u00e9m est\u00e1 protegendo mais de 12 mil empregos atrav\u00e9s do Empresa Cidad\u00e3, que evitou o fechamento de muitos neg\u00f3cios na cidade, assim como o Supera.<\/p>\n<p class=\"yiv3662703233MsoNormal\">Agora, momento em que atingimos a vacina\u00e7\u00e3o de metade da popula\u00e7\u00e3o de Niter\u00f3i, \u00e9 hora de dar um novo passo. Esta semana, enviamos para a C\u00e2mara de Vereadores uma mensagem-executiva criando a Moeda Social Arariboia. O projeto prev\u00ea contemplar as 27 mil fam\u00edlias em situa\u00e7\u00e3o de maior vulnerabilidade. O benef\u00edcio, de R$90 por pessoa, poder\u00e1 chegar a R$540 por fam\u00edlia. Os beneficiados s\u00e3o referenciados do Cadastro \u00danico de Programas Sociais do Governo Federal (Cad\u00danico).<\/p>\n<p class=\"yiv3662703233MsoNormal\">A Prefeitura de Niter\u00f3i far\u00e1 um investimento mensal de R$ 5,6 milh\u00f5es neste que ser\u00e1 o maior programa de transfer\u00eancia de renda nas cidades brasileiras de m\u00e9dio porte. Ser\u00e3o alcan\u00e7adas as cerca de 27 mil fam\u00edlias niteroienses em situa\u00e7\u00e3o mais vulner\u00e1vel. A Moeda Arariboia (em forma de cart\u00e3o) dever\u00e1 ser usada em estabelecimentos locais previamente cadastrados, sejam eles padarias, pequenos mercados, hortifrutis, pequenos produtores, entre outros. Desta forma, o programa incentivar\u00e1 a circula\u00e7\u00e3o de dinheiro, gera\u00e7\u00e3o de emprego e renda nas localidades mais vulner\u00e1veis da cidade.<\/p>\n<p class=\"yiv3662703233MsoNormal\">Com a cria\u00e7\u00e3o da Moeda Social Arariboia, al\u00e9m do projeto da mitiga\u00e7\u00e3o dos efeitos econ\u00f4micos da pandemia, ainda se espera uma amplia\u00e7\u00e3o do cadastro formal de empreendimentos comerciais e a diminui\u00e7\u00e3o das desigualdades regionais. O projeto prev\u00ea a cria\u00e7\u00e3o de um fundo que vai gerar e operar a moeda social, al\u00e9m de bancos comunit\u00e1rios. A primeira ag\u00eancia ser\u00e1 implantada na Vila Ipiranga, a mais populosa de Niter\u00f3i, com mais de 15 mil habitantes, no bairro do Fonseca.<\/p>\n<p class=\"yiv3662703233MsoNormal\">A iniciativa faz parte de um pacote de medidas da Prefeitura de Niter\u00f3i para a retomada econ\u00f4mica do munic\u00edpio p\u00f3s-pandemia. \u00c9 mais um esfor\u00e7o or\u00e7ament\u00e1rio da Prefeitura de Niter\u00f3i, que entende o momento como crucial para o desenvolvimento econ\u00f4mico e social dos munic\u00edpios e estados brasileiros. O objetivo \u00e9 garantir a gera\u00e7\u00e3o de emprego e renda, impedindo que a Covid aumente as desigualdades.<\/p>\n<p class=\"yiv3662703233MsoNormal\">N\u00e3o podemos deixar ningu\u00e9m para tr\u00e1s. Juntos, vamos superar esta que \u00e9 a maior crise da nossa gera\u00e7\u00e3o, com desenvolvimento econ\u00f4mico, com sustentabilidade e justi\u00e7a social.<\/p>\n<p>&nbsp;<\/p>\n<p class=\"yiv3662703233MsoNormal\"><em><b>*Axel Grael \u00e9 prefeito de Niter\u00f3i (RJ) pelo PDT.<\/b><\/em><\/p>\n<\/div>\n<\/div>\n<\/div>\n<\/div>\n<!-- AddThis Advanced Settings generic via filter on the_content --><!-- AddThis Share Buttons generic via filter on the_content -->","protected":false},"excerpt":{"rendered":"<p>Objetivo \u00e9 garantir a gera\u00e7\u00e3o de emprego e renda, impedindo que a Covid aumente as desigualdades Al\u00e9m de deixar milh\u00f5es de mortos em todo o mundo, a pandemia do novo coronav\u00edrus estremeceu os alicerces da economia global. De acordo com o Banco Mundial, at\u00e9 o fim de 2021, a pandemia pode levar mais 150 milh\u00f5es&#8230;<!-- AddThis Advanced Settings generic via filter on wp_trim_excerpt --><!-- AddThis Share Buttons generic via filter on wp_trim_excerpt --><\/p>\n","protected":false},"author":17,"featured_media":78685,"comment_status":"closed","ping_status":"closed","sticky":false,"template":"","format":"standard","meta":{"_monsterinsights_skip_tracking":false,"_monsterinsights_sitenote_active":false,"_monsterinsights_sitenote_note":"","_monsterinsights_sitenote_category":0,"_uf_show_specific_survey":0,"_uf_disable_surveys":false,"footnotes":""},"categories":[1584,1390],"tags":[],"class_list":["post-78682","post","type-post","status-publish","format-standard","has-post-thumbnail","hentry","category-artigos","category-editorias"],"acf":[],"_links":{"self":[{"href":"https:\/\/pdt-rj.org.br\/index.php\/wp-json\/wp\/v2\/posts\/78682","targetHints":{"allow":["GET"]}}],"collection":[{"href":"https:\/\/pdt-rj.org.br\/index.php\/wp-json\/wp\/v2\/posts"}],"about":[{"href":"https:\/\/pdt-rj.org.br\/index.php\/wp-json\/wp\/v2\/types\/post"}],"author":[{"embeddable":true,"href":"https:\/\/pdt-rj.org.br\/index.php\/wp-json\/wp\/v2\/users\/17"}],"replies":[{"embeddable":true,"href":"https:\/\/pdt-rj.org.br\/index.php\/wp-json\/wp\/v2\/comments?post=78682"}],"version-history":[{"count":1,"href":"https:\/\/pdt-rj.org.br\/index.php\/wp-json\/wp\/v2\/posts\/78682\/revisions"}],"predecessor-version":[{"id":78686,"href":"https:\/\/pdt-rj.org.br\/index.php\/wp-json\/wp\/v2\/posts\/78682\/revisions\/78686"}],"wp:featuredmedia":[{"embeddable":true,"href":"https:\/\/pdt-rj.org.br\/index.php\/wp-json\/wp\/v2\/media\/78685"}],"wp:attachment":[{"href":"https:\/\/pdt-rj.org.br\/index.php\/wp-json\/wp\/v2\/media?parent=78682"}],"wp:term":[{"taxonomy":"category","embeddable":true,"href":"https:\/\/pdt-rj.org.br\/index.php\/wp-json\/wp\/v2\/categories?post=78682"},{"taxonomy":"post_tag","embeddable":true,"href":"https:\/\/pdt-rj.org.br\/index.php\/wp-json\/wp\/v2\/tags?post=78682"}],"curies":[{"name":"wp","href":"https:\/\/api.w.org\/{rel}","templated":true}]}}