{"id":78662,"date":"2021-06-22T10:19:49","date_gmt":"2021-06-22T13:19:49","guid":{"rendered":"http:\/\/pdt-rj.org.br\/?p=78662"},"modified":"2021-06-22T10:21:26","modified_gmt":"2021-06-22T13:21:26","slug":"com-fernanda-ontiveros-japeri-rj-viabiliza-grupamento-do-corpo-de-bombeiros","status":"publish","type":"post","link":"https:\/\/pdt-rj.org.br\/index.php\/com-fernanda-ontiveros-japeri-rj-viabiliza-grupamento-do-corpo-de-bombeiros\/","title":{"rendered":"Com Fernanda Ontiveros, Japeri (RJ) viabiliza grupamento do Corpo de Bombeiros"},"content":{"rendered":"<p class=\"yiv1473978947p1\"><em><strong><span class=\"yiv1473978947s1\">Comandante-geral do \u00f3rg\u00e3o avaliou locais da Prefeitura para implanta\u00e7\u00e3o do equipamento<\/span><\/strong><\/em><\/p>\n<p class=\"yiv1473978947p1\"><span class=\"yiv1473978947s1\">A implanta\u00e7\u00e3o do Grupamento do Corpo de Bombeiros virar\u00e1 em Japeri (RJ), na Baixada Fluminense. Na \u00faltima semana, a prefeita Dr.\u00aa Fernanda Ontiveros (PDT) recebeu o secret\u00e1rio estadual de Defesa Civil e comandante-geral do \u00f3rg\u00e3o militar, coronel Leandro Monteiro, e o comandante do 29\u00b0 GBM (Paracambi), tenente-coronel Ward J\u00fanior, para uma visita t\u00e9cnica para escolha do local.<\/span><\/p>\n<p class=\"yiv1473978947p1\"><span class=\"yiv1473978947s1\">Com apoio dos secret\u00e1rios municipais de Urbanismo, Gustavo Maur\u00edcio, e de Governo, Francisco Nac\u00e9lio, os representantes da corpora\u00e7\u00e3o indicaram aprova\u00e7\u00e3o \u00e0 primeira op\u00e7\u00e3o sugerida pela Prefeitura: um terreno pr\u00f3prio situado na Avenida Tancredo Neves, regi\u00e3o Central de Engenheiro Pedreira.<\/span><\/p>\n<p class=\"yiv1473978947p1\"><span class=\"yiv1473978947s1\">\u201cAtendendo ao pedido da Prefeitura, viemos avaliar poss\u00edveis locais para trazer um grupamento para Japeri. \u00c0 primeira vista, esta regi\u00e3o \u00e9 muito boa para nossa atua\u00e7\u00e3o, levando em conta a proximidade com a Dutra e o campo de golfe \u2013 que pode servir de heliponto em caso de emerg\u00eancias \u2013, al\u00e9m da facilidade de acesso das viaturas. Como o grupamento mais pr\u00f3ximo fica a 25 Km (29\u00b0 GPM Paracambi), nos colocamos \u00e0 disposi\u00e7\u00e3o deste projeto t\u00e3o necess\u00e1rio para a cidade\u201d, declarou Leandro Monteiro.<\/span><\/p>\n<p class=\"yiv1473978947p1\"><span class=\"yiv1473978947s1\">De acordo com a prefeita, apenas a uni\u00e3o entre diversas frentes pode tornar este sonho poss\u00edvel para a popula\u00e7\u00e3o japeriense.\u00a0<\/span><\/p>\n<p class=\"yiv1473978947p1\"><span class=\"yiv1473978947s1\">\u201cAgora que estamos pr\u00f3ximos da defini\u00e7\u00e3o acerca de um espa\u00e7o adequado, vamos em busca dos recursos para a obra. [\u2026] Sem unir for\u00e7as, \u00e9 imposs\u00edvel governar\u201d, afirmou a gestora.<\/span><\/p>\n<p class=\"yiv1473978947p1\"><span class=\"yiv1473978947s1\">A pr\u00f3xima etapa \u00e9 a elabora\u00e7\u00e3o da planta do projeto, que, como um grupamento, precisa incluir alojamentos femininos e masculinos (pra\u00e7as e oficiais), refeit\u00f3rio, cozinha, posto m\u00e9dico e garagem coberta.<\/span><\/p>\n<!-- AddThis Advanced Settings generic via filter on the_content --><!-- AddThis Share Buttons generic via filter on the_content -->","protected":false},"excerpt":{"rendered":"<p>Comandante-geral do \u00f3rg\u00e3o avaliou locais da Prefeitura para implanta\u00e7\u00e3o do equipamento A implanta\u00e7\u00e3o do Grupamento do Corpo de Bombeiros virar\u00e1 em Japeri (RJ), na Baixada Fluminense. Na \u00faltima semana, a prefeita Dr.\u00aa Fernanda Ontiveros (PDT) recebeu o secret\u00e1rio estadual de Defesa Civil e comandante-geral do \u00f3rg\u00e3o militar, coronel Leandro Monteiro, e o comandante do 29\u00b0&#8230;<!-- AddThis Advanced Settings generic via filter on wp_trim_excerpt --><!-- AddThis Share Buttons generic via filter on wp_trim_excerpt --><\/p>\n","protected":false},"author":17,"featured_media":78663,"comment_status":"closed","ping_status":"closed","sticky":false,"template":"","format":"standard","meta":{"_monsterinsights_skip_tracking":false,"_monsterinsights_sitenote_active":false,"_monsterinsights_sitenote_note":"","_monsterinsights_sitenote_category":0,"_uf_show_specific_survey":0,"_uf_disable_surveys":false,"footnotes":""},"categories":[1390,1402],"tags":[4881,4250,4882,4251],"class_list":["post-78662","post","type-post","status-publish","format-standard","has-post-thumbnail","hentry","category-editorias","category-cidades","tag-baixada-fluminense","tag-fernanda-ontiveros","tag-grupamento-do-corpo-de-bombeiros","tag-japeri-rj"],"acf":[],"_links":{"self":[{"href":"https:\/\/pdt-rj.org.br\/index.php\/wp-json\/wp\/v2\/posts\/78662","targetHints":{"allow":["GET"]}}],"collection":[{"href":"https:\/\/pdt-rj.org.br\/index.php\/wp-json\/wp\/v2\/posts"}],"about":[{"href":"https:\/\/pdt-rj.org.br\/index.php\/wp-json\/wp\/v2\/types\/post"}],"author":[{"embeddable":true,"href":"https:\/\/pdt-rj.org.br\/index.php\/wp-json\/wp\/v2\/users\/17"}],"replies":[{"embeddable":true,"href":"https:\/\/pdt-rj.org.br\/index.php\/wp-json\/wp\/v2\/comments?post=78662"}],"version-history":[{"count":1,"href":"https:\/\/pdt-rj.org.br\/index.php\/wp-json\/wp\/v2\/posts\/78662\/revisions"}],"predecessor-version":[{"id":78664,"href":"https:\/\/pdt-rj.org.br\/index.php\/wp-json\/wp\/v2\/posts\/78662\/revisions\/78664"}],"wp:featuredmedia":[{"embeddable":true,"href":"https:\/\/pdt-rj.org.br\/index.php\/wp-json\/wp\/v2\/media\/78663"}],"wp:attachment":[{"href":"https:\/\/pdt-rj.org.br\/index.php\/wp-json\/wp\/v2\/media?parent=78662"}],"wp:term":[{"taxonomy":"category","embeddable":true,"href":"https:\/\/pdt-rj.org.br\/index.php\/wp-json\/wp\/v2\/categories?post=78662"},{"taxonomy":"post_tag","embeddable":true,"href":"https:\/\/pdt-rj.org.br\/index.php\/wp-json\/wp\/v2\/tags?post=78662"}],"curies":[{"name":"wp","href":"https:\/\/api.w.org\/{rel}","templated":true}]}}