{"id":78659,"date":"2021-06-21T13:40:27","date_gmt":"2021-06-21T16:40:27","guid":{"rendered":"http:\/\/pdt-rj.org.br\/?p=78659"},"modified":"2021-06-22T00:42:22","modified_gmt":"2021-06-22T03:42:22","slug":"mapi-o-pedetista-deve-reservar-alguns-minutos-para-renovar-sua-conexao-com-leonel-brizola","status":"publish","type":"post","link":"https:\/\/pdt-rj.org.br\/index.php\/mapi-o-pedetista-deve-reservar-alguns-minutos-para-renovar-sua-conexao-com-leonel-brizola\/","title":{"rendered":"Mapi: o pedetista deve reservar alguns minutos para renovar sua conex\u00e3o com Leonel Brizola"},"content":{"rendered":"<p>Companheiros,<\/p>\n<p>Ano ap\u00f3s ano, desde 2004, este 21 de junho se tornou, para n\u00f3s, um feriado nacional \u2013 em que, no Rio de Janeiro, nos reunimos na Igreja Nossa Senhora do Ros\u00e1rio e S\u00e3o Benedito dos Homens Pretos, erigida para os negros em 1640.<\/p>\n<p>Historicamente, cultuar os l\u00edderes mortos \u00e9 uma oportunidade \u00edmpar para aproximar os vivos em torno de sua causa: \u00e9 uma esp\u00e9cie de Quarup urbano. Para n\u00f3s, do MAPI, \u00e9 uma oportunidade renovada, a cada ano, de agradecer ao<br \/>\nl\u00edder por todo o ensinamento transmitido; pelos exemplos de completo respeito ao povo e ao dinheiro p\u00fablico quando se \u00e9 um mandat\u00e1rio de poder; e por todas as experi\u00eancias tentadas \u2013 algumas realizadas; outras, deixada para n\u00f3s como tarefas pol\u00edticas.<\/p>\n<p>Este ano, como resultante de uma quadra politicamente sombria, em que a pandemia e a inc\u00faria se entrela\u00e7aram para interromper 500 mil sonhos, n\u00e3o nos reuniremos diante deste mesmo altar, outrora dedicado \u00e0 escrava Anast\u00e1cia.<\/p>\n<p>Mas, como as plantas do deserto de suas met\u00e1foras, o pedetista deve reservar alguns minutos para renovar sua conex\u00e3o com Leonel Brizola \u2013 vivo, como \u00e9 na eternidade \u2013 que veio de longe, segundo ele mesmo, para nos mostrar o norte definido pelo Trabalhismo de Get\u00falio Vargas, de Pasqualini, de Jango. O caminho? Para isto ele definiu: \u201cO caminho a gente encontra caminhando\u201d.<\/p>\n<p>&nbsp;<\/p>\n<p style=\"text-align: center;\"><strong>Maria Jos\u00e9 Latg\u00e9 Kwamme<\/strong><br \/>\nPresidente Nacional &#8211; MAPI<\/p>\n<!-- AddThis Advanced Settings generic via filter on the_content --><!-- AddThis Share Buttons generic via filter on the_content -->","protected":false},"excerpt":{"rendered":"<p>Companheiros, Ano ap\u00f3s ano, desde 2004, este 21 de junho se tornou, para n\u00f3s, um feriado nacional \u2013 em que, no Rio de Janeiro, nos reunimos na Igreja Nossa Senhora do Ros\u00e1rio e S\u00e3o Benedito dos Homens Pretos, erigida para os negros em 1640. Historicamente, cultuar os l\u00edderes mortos \u00e9 uma oportunidade \u00edmpar para aproximar&#8230;<!-- AddThis Advanced Settings generic via filter on wp_trim_excerpt --><!-- AddThis Share Buttons generic via filter on wp_trim_excerpt --><\/p>\n","protected":false},"author":17,"featured_media":78660,"comment_status":"closed","ping_status":"closed","sticky":false,"template":"","format":"standard","meta":{"_monsterinsights_skip_tracking":false,"_monsterinsights_sitenote_active":false,"_monsterinsights_sitenote_note":"","_monsterinsights_sitenote_category":0,"_uf_show_specific_survey":0,"_uf_disable_surveys":false,"footnotes":""},"categories":[1390,1588,1397],"tags":[4880,592,2276],"class_list":["post-78659","post","type-post","status-publish","format-standard","has-post-thumbnail","hentry","category-editorias","category-mapi","category-movimentos","tag-leonal-brizola","tag-mapi","tag-maria-jose-latge-kwamme"],"acf":[],"_links":{"self":[{"href":"https:\/\/pdt-rj.org.br\/index.php\/wp-json\/wp\/v2\/posts\/78659","targetHints":{"allow":["GET"]}}],"collection":[{"href":"https:\/\/pdt-rj.org.br\/index.php\/wp-json\/wp\/v2\/posts"}],"about":[{"href":"https:\/\/pdt-rj.org.br\/index.php\/wp-json\/wp\/v2\/types\/post"}],"author":[{"embeddable":true,"href":"https:\/\/pdt-rj.org.br\/index.php\/wp-json\/wp\/v2\/users\/17"}],"replies":[{"embeddable":true,"href":"https:\/\/pdt-rj.org.br\/index.php\/wp-json\/wp\/v2\/comments?post=78659"}],"version-history":[{"count":1,"href":"https:\/\/pdt-rj.org.br\/index.php\/wp-json\/wp\/v2\/posts\/78659\/revisions"}],"predecessor-version":[{"id":78661,"href":"https:\/\/pdt-rj.org.br\/index.php\/wp-json\/wp\/v2\/posts\/78659\/revisions\/78661"}],"wp:featuredmedia":[{"embeddable":true,"href":"https:\/\/pdt-rj.org.br\/index.php\/wp-json\/wp\/v2\/media\/78660"}],"wp:attachment":[{"href":"https:\/\/pdt-rj.org.br\/index.php\/wp-json\/wp\/v2\/media?parent=78659"}],"wp:term":[{"taxonomy":"category","embeddable":true,"href":"https:\/\/pdt-rj.org.br\/index.php\/wp-json\/wp\/v2\/categories?post=78659"},{"taxonomy":"post_tag","embeddable":true,"href":"https:\/\/pdt-rj.org.br\/index.php\/wp-json\/wp\/v2\/tags?post=78659"}],"curies":[{"name":"wp","href":"https:\/\/api.w.org\/{rel}","templated":true}]}}