{"id":78640,"date":"2021-06-21T11:46:46","date_gmt":"2021-06-21T14:46:46","guid":{"rendered":"http:\/\/pdt-rj.org.br\/?p=78640"},"modified":"2021-06-26T13:05:11","modified_gmt":"2021-06-26T16:05:11","slug":"pdt-presta-solidariedade-as-500-mil-vitimas-da-covid-19-e-exige-punicao-a-bolsonaro","status":"publish","type":"post","link":"https:\/\/pdt-rj.org.br\/index.php\/pdt-presta-solidariedade-as-500-mil-vitimas-da-covid-19-e-exige-punicao-a-bolsonaro\/","title":{"rendered":"PDT presta solidariedade \u00e0s 500 mil v\u00edtimas da Covid-19 e exige puni\u00e7\u00e3o a Bolsonaro"},"content":{"rendered":"<div class=\"msg-body P_wpofO mq_AS\" data-test-id=\"message-view-body-content\">\n<div class=\"jb_0 X_6MGW N_6Fd5\">\n<div id=\"yiv4493586534\">\n<div dir=\"ltr\">\n<p class=\"yiv4493586534MsoNormal\"><em><b>A partir da Funda\u00e7\u00e3o Leonel Brizola, partido assinou manifesto do Observat\u00f3rio da Democracia<\/b><\/em><\/p>\n<p class=\"yiv4493586534MsoNormal\">\u201c\u00c9 a escalada de uma verdadeira trag\u00e9dia humanit\u00e1ria\u201d, evidenciou o manifesto assinado pelo PDT, a partir da Funda\u00e7\u00e3o Leonel Brizola \u2013 Alberto Pasqualini (FLB-AP), no \u00faltimo s\u00e1bado (19). Pelo documento organizado pelo Observat\u00f3rio da Democracia, partidos do campo progressista prestaram solidariedade \u00e0s 500 mil v\u00edtimas da Covid-19 no Brasil e exigiram puni\u00e7\u00e3o ao presidente da Rep\u00fablica, Jair Bolsonaro.<\/p>\n<p class=\"yiv4493586534MsoNormal\">\u201c400 mil vidas teriam sido salvas se o presidente Bolsonaro houvesse adotado o comportamento m\u00e9dio dos governos dos demais pa\u00edses e n\u00e3o tivesse enveredado conscientemente por um caminho que nega a ci\u00eancia, a vacina e, por isso mesmo, al\u00e9m de estimular a transgress\u00e3o das normas sanit\u00e1rias, deixou de adquirir as vacinas na hora certa\u201d, exp\u00f5e o texto.<\/p>\n<p class=\"yiv4493586534MsoNormal\">\u201cO presidente, conscientemente, retardou a compra de vacinas, alegando que se devia estimular a \u201cimunidade de rebanho\u201d; na verdade, o objetivo tem sido fomentar a cria\u00e7\u00e3o de um clima de caos para favorecer sua escalada golpista\u201d, acrescentou.<\/p>\n<p class=\"yiv4493586534MsoNormal\">Ao citar as duas manifesta\u00e7\u00f5es nas ruas de todo o pa\u00eds, entre maio e junho, a a\u00e7\u00e3o conjunta estimula a mobiliza\u00e7\u00e3o para frear o avan\u00e7o da \u201ctrag\u00e9dia\u201d inserida pelo governo federal e o consequente afastamento do principal respons\u00e1vel.<\/p>\n<p class=\"yiv4493586534MsoNormal\">\u201cAs Funda\u00e7\u00f5es partid\u00e1rias abaixo assinadas conclamam \u00e0queles que t\u00eam compromisso com a vida: os partidos pol\u00edticos, os movimentos organizados da sociedade, os governadores, prefeitos, parlamentares, cientistas, intelectuais, trabalhadores, empres\u00e1rios, igrejas, mulheres, professores, estudantes, enfim, a sociedade organizada, a se unirem para barrar essa trag\u00e9dia e esse genocida e assim iniciar um per\u00edodo de reconstru\u00e7\u00e3o nacional.<\/p>\n<p class=\"yiv4493586534MsoNormal\">O manifesto tamb\u00e9m foi assinado pelas funda\u00e7\u00f5es Lauro Campos\/Marielle Franco, do Psol; Jo\u00e3o Mangabeira, do PSB; Maur\u00edcio Grabois, do PCdoB; Perseu Abramo, do PT; Ordem Social, do PROS; Astrojildo Pereira, do Cidadania; Rede Brasil Sustent\u00e1vel, da Rede, e Verde Herbert Daniel, do PV.<\/p>\n<p class=\"yiv4493586534MsoNormal\">Para acessar o documento na \u00edntegra, clique\u00a0<a href=\"http:\/\/pdt-rj.org.br\/wp-content\/uploads\/2021\/06\/Observat\u00f3rio-da-Democracia-500-mil-vidas-ceifadas.pdf\"><b>aqui<\/b><\/a>.<\/p>\n<\/div>\n<\/div>\n<\/div>\n<\/div>\n<!-- AddThis Advanced Settings generic via filter on the_content --><!-- AddThis Share Buttons generic via filter on the_content -->","protected":false},"excerpt":{"rendered":"<p>A partir da Funda\u00e7\u00e3o Leonel Brizola, partido assinou manifesto do Observat\u00f3rio da Democracia \u201c\u00c9 a escalada de uma verdadeira trag\u00e9dia humanit\u00e1ria\u201d, evidenciou o manifesto assinado pelo PDT, a partir da Funda\u00e7\u00e3o Leonel Brizola \u2013 Alberto Pasqualini (FLB-AP), no \u00faltimo s\u00e1bado (19). Pelo documento organizado pelo Observat\u00f3rio da Democracia, partidos do campo progressista prestaram solidariedade \u00e0s&#8230;<!-- AddThis Advanced Settings generic via filter on wp_trim_excerpt --><!-- AddThis Share Buttons generic via filter on wp_trim_excerpt --><\/p>\n","protected":false},"author":17,"featured_media":78641,"comment_status":"closed","ping_status":"closed","sticky":false,"template":"","format":"standard","meta":{"_monsterinsights_skip_tracking":false,"_monsterinsights_sitenote_active":false,"_monsterinsights_sitenote_note":"","_monsterinsights_sitenote_category":0,"_uf_show_specific_survey":0,"_uf_disable_surveys":false,"footnotes":""},"categories":[1390],"tags":[],"class_list":["post-78640","post","type-post","status-publish","format-standard","has-post-thumbnail","hentry","category-editorias"],"acf":[],"_links":{"self":[{"href":"https:\/\/pdt-rj.org.br\/index.php\/wp-json\/wp\/v2\/posts\/78640","targetHints":{"allow":["GET"]}}],"collection":[{"href":"https:\/\/pdt-rj.org.br\/index.php\/wp-json\/wp\/v2\/posts"}],"about":[{"href":"https:\/\/pdt-rj.org.br\/index.php\/wp-json\/wp\/v2\/types\/post"}],"author":[{"embeddable":true,"href":"https:\/\/pdt-rj.org.br\/index.php\/wp-json\/wp\/v2\/users\/17"}],"replies":[{"embeddable":true,"href":"https:\/\/pdt-rj.org.br\/index.php\/wp-json\/wp\/v2\/comments?post=78640"}],"version-history":[{"count":3,"href":"https:\/\/pdt-rj.org.br\/index.php\/wp-json\/wp\/v2\/posts\/78640\/revisions"}],"predecessor-version":[{"id":78650,"href":"https:\/\/pdt-rj.org.br\/index.php\/wp-json\/wp\/v2\/posts\/78640\/revisions\/78650"}],"wp:featuredmedia":[{"embeddable":true,"href":"https:\/\/pdt-rj.org.br\/index.php\/wp-json\/wp\/v2\/media\/78641"}],"wp:attachment":[{"href":"https:\/\/pdt-rj.org.br\/index.php\/wp-json\/wp\/v2\/media?parent=78640"}],"wp:term":[{"taxonomy":"category","embeddable":true,"href":"https:\/\/pdt-rj.org.br\/index.php\/wp-json\/wp\/v2\/categories?post=78640"},{"taxonomy":"post_tag","embeddable":true,"href":"https:\/\/pdt-rj.org.br\/index.php\/wp-json\/wp\/v2\/tags?post=78640"}],"curies":[{"name":"wp","href":"https:\/\/api.w.org\/{rel}","templated":true}]}}