{"id":78625,"date":"2021-06-21T16:11:06","date_gmt":"2021-06-21T19:11:06","guid":{"rendered":"http:\/\/pdt-rj.org.br\/?p=78625"},"modified":"2021-06-21T16:59:53","modified_gmt":"2021-06-21T19:59:53","slug":"17-anos-sem-brizola-por-que-o-seu-legado-e-tao-atual-por-marcelo-barros","status":"publish","type":"post","link":"https:\/\/pdt-rj.org.br\/index.php\/17-anos-sem-brizola-por-que-o-seu-legado-e-tao-atual-por-marcelo-barros\/","title":{"rendered":"17 anos sem Brizola: por que o seu legado \u00e9 t\u00e3o atual? &#8211; Por Marcelo Barros"},"content":{"rendered":"<p>21 de junho de 2004 foi um dos dias mais tristes da hist\u00f3ria trabalhista. Perd\u00edamos o nosso l\u00edder, o nosso timoneiro, aquele que sempre nos ensinou que estar ao lado dos mais humildes era a nossa voca\u00e7\u00e3o, a nossa miss\u00e3o de vida e de luta.<\/p>\n<p>Nossos inimigos, al\u00e9m de verterem l\u00e1grimas de crocodilo, vaticinavam que \u201cO PDT tamb\u00e9m estava indo pro t\u00famulo com o seu l\u00edder\u201d. A esquerda brasileira, que em muitos momentos, dizia que \u201cBrizola era ultrapassado\u201d, rendeu-se ao seu legado e a sua contribui\u00e7\u00e3o para esse pa\u00eds. At\u00e9 a Globo, sua maior inimiga, esbo\u00e7ou a sua hist\u00f3ria no JN daquele longo dia.<\/p>\n<p>17 anos depois e diante de todos os fatos vividos at\u00e9 aqui, hoje cabe essa singela, por\u00e9m importante pergunta do t\u00edtulo: \u201cPor que o Legado de Leonel Brizola segue t\u00e3o atual?\u201d. Apontarei algumas respostas na minha parca opini\u00e3o.<\/p>\n<p>Primeiro porque Brizola, mesmo em muitos momentos tachado de \u201cultrapassado\u201d por setores da esquerda e da elite brasileira, sempre teve coer\u00eancia, sempre foi fiel ao Trabalhismo e aos princ\u00edpios que carregava. Coisa essa que, at\u00e9 hoje, \u00e9 rara nos pol\u00edticos de nossa terra.<\/p>\n<p>Segundo, entendo que Brizola sempre foi um homem preocupado com o futuro e o novo Brasil que surgira p\u00f3s-ditadura militar. Um pa\u00eds cheio de contradi\u00e7\u00f5es e desigualdades, mas com um povo forte, trabalhador, inteligente e criativo. Brizola sabia da for\u00e7a do povo que, organizado e atuante, daria a resposta que tanto as elites temiam.<\/p>\n<p>Brizola sabia que a verdadeira reden\u00e7\u00e3o do Brasil s\u00f3 viria pela via trabalhista e at\u00e9 hoje esse legado \u00e9 atual\u00edssimo.<br \/>\nIsso explica as manobras do Golbery em entregar o PTB para Ivete Vargas; o \u201cesc\u00e2ndalo Proconsult\u201d que visava impedir a vit\u00f3ria de Brizola para o governo do Rio de Janeiro em 1982 e a horrenda persegui\u00e7\u00e3o que Roberto Marinho fez contra o nosso l\u00edder estando Brizola como governador. Tamb\u00e9m devemos apontar o medo da elite e da m\u00eddia que Brizola chegasse ao segundo turno na elei\u00e7\u00e3o presidencial de 1989.<\/p>\n<p>O terceiro ponto dessa an\u00e1lise que fa\u00e7o da atualidade do legado de Leonel Brizola \u00e9 o seu pioneirismo com temas que hoje est\u00e3o na pauta como o meio ambiente, as pol\u00edticas afirmativas, as pol\u00edticas de agricultura familiar e a recupera\u00e7\u00e3o da dignidade territorial, especialmente das favelas. Brizola n\u00e3o via a gente da favela como \u201cproblema\u201d, mas como pessoas que tinham que ser inclu\u00eddas na sociedade atrav\u00e9s de pol\u00edticas p\u00fablicas que trouxessem \u201co Estado pra dentro da comunidade\u201d. Hoje, a classe pol\u00edtica e at\u00e9 a elite promove a \u201cglamouriza\u00e7\u00e3o\u201d da favela, mas nada fez e nada faz para mudar a realidade de quem vive ali.<\/p>\n<p>Todo mundo hoje fala de meio ambiente e sustentabilidade, mas Brizola foi o grande anfitri\u00e3o da \u201cEco 92\u201d\u2013 a maior confer\u00eancia sobre meio ambiente e o futuro do planeta at\u00e9 ent\u00e3o. Todo mundo hoje fala em inova\u00e7\u00e3o tecnol\u00f3gica, mas chamaram o Brizola de louco quando colocou microcomputadores nos CIEPs visando incluir os garotos da favela na modernidade, ou ent\u00e3o quando criou uma universidade s\u00f3 com cursos voltados para a tecnologia. Olhem o protagonismo de Leonel Brizola na pr\u00e1tica.<\/p>\n<p>E finalizo essa an\u00e1lise com um quarto ponto: Brizola nunca jogou contra o interesse nacional. Sempre foi e provou com exemplos vivos que era patriota. Diante de termos atualmente um presidente que se diz \u201cpatriota\u201d, mas que bate contin\u00eancia pra bandeira americana e que lambe as botas do fascismo e de todos os valores antidemocr\u00e1ticos, n\u00e3o d\u00e1 nem pra comparar. Brizola sempre lutou pela soberania nacional de verdade, com coer\u00eancia. Soberania n\u00e3o s\u00f3 territorial ou militar, mas acima de tudo, soberania no desenvolvimento nacional com a supera\u00e7\u00e3o da pobreza atrav\u00e9s da educa\u00e7\u00e3o que liberta e do trabalho que dignifica, al\u00e9m da destrui\u00e7\u00e3o dos privil\u00e9gios de uma elite que sempre se alimentou do suor e do sofrimento do povo brasileiro.<\/p>\n<p>Brizola era um homem vindo do povo, que pensava na emancipa\u00e7\u00e3o do povo e que trabalhava pela liberta\u00e7\u00e3o desse mesmo povo das suas amarras impostas pelos inimigos da p\u00e1tria.<\/p>\n<p>17 anos depois da sua partida, nunca o seu legado esteve t\u00e3o vivo e t\u00e3o atual. Brizola, para desespero da elite imunda desse pa\u00eds, \u00e9 inapag\u00e1vel em seus feitos pelo povo brasileiro.<\/p>\n<p>N\u00f3s, como seus seguidores e defensores de seu legado, temos a miss\u00e3o de mant\u00ea-lo vivo. O Trabalhismo \u00e9 a via capaz de libertar o Brasil de mais 500 anos de explora\u00e7\u00e3o e desigualdade. Vamos a luta como Brizola fez! Viva Leonel Brizola! Viva o legado e a coer\u00eancia de Leonel Brizola! Viva o Trabalhismo! Viva o PDT!<\/p>\n<p>*<em><strong>Marcelo Barros \u00e9 membro do Diret\u00f3rio Nacional do PDT<\/strong><\/em><\/p>\n<!-- AddThis Advanced Settings generic via filter on the_content --><!-- AddThis Share Buttons generic via filter on the_content -->","protected":false},"excerpt":{"rendered":"<p>21 de junho de 2004 foi um dos dias mais tristes da hist\u00f3ria trabalhista. Perd\u00edamos o nosso l\u00edder, o nosso timoneiro, aquele que sempre nos ensinou que estar ao lado dos mais humildes era a nossa voca\u00e7\u00e3o, a nossa miss\u00e3o de vida e de luta. Nossos inimigos, al\u00e9m de verterem l\u00e1grimas de crocodilo, vaticinavam que&#8230;<!-- AddThis Advanced Settings generic via filter on wp_trim_excerpt --><!-- AddThis Share Buttons generic via filter on wp_trim_excerpt --><\/p>\n","protected":false},"author":17,"featured_media":78626,"comment_status":"closed","ping_status":"closed","sticky":false,"template":"","format":"standard","meta":{"_monsterinsights_skip_tracking":false,"_monsterinsights_sitenote_active":false,"_monsterinsights_sitenote_note":"","_monsterinsights_sitenote_category":0,"_uf_show_specific_survey":0,"_uf_disable_surveys":false,"footnotes":""},"categories":[1584,1390,4549],"tags":[4879,1545,3591,38,887,46],"class_list":["post-78625","post","type-post","status-publish","format-standard","has-post-thumbnail","hentry","category-artigos","category-editorias","category-memoria","tag-17-anos-sem-brizola","tag-cieps","tag-eco-92","tag-pdt","tag-soberania-nacional","tag-trabalhismo"],"acf":[],"_links":{"self":[{"href":"https:\/\/pdt-rj.org.br\/index.php\/wp-json\/wp\/v2\/posts\/78625","targetHints":{"allow":["GET"]}}],"collection":[{"href":"https:\/\/pdt-rj.org.br\/index.php\/wp-json\/wp\/v2\/posts"}],"about":[{"href":"https:\/\/pdt-rj.org.br\/index.php\/wp-json\/wp\/v2\/types\/post"}],"author":[{"embeddable":true,"href":"https:\/\/pdt-rj.org.br\/index.php\/wp-json\/wp\/v2\/users\/17"}],"replies":[{"embeddable":true,"href":"https:\/\/pdt-rj.org.br\/index.php\/wp-json\/wp\/v2\/comments?post=78625"}],"version-history":[{"count":2,"href":"https:\/\/pdt-rj.org.br\/index.php\/wp-json\/wp\/v2\/posts\/78625\/revisions"}],"predecessor-version":[{"id":78631,"href":"https:\/\/pdt-rj.org.br\/index.php\/wp-json\/wp\/v2\/posts\/78625\/revisions\/78631"}],"wp:featuredmedia":[{"embeddable":true,"href":"https:\/\/pdt-rj.org.br\/index.php\/wp-json\/wp\/v2\/media\/78626"}],"wp:attachment":[{"href":"https:\/\/pdt-rj.org.br\/index.php\/wp-json\/wp\/v2\/media?parent=78625"}],"wp:term":[{"taxonomy":"category","embeddable":true,"href":"https:\/\/pdt-rj.org.br\/index.php\/wp-json\/wp\/v2\/categories?post=78625"},{"taxonomy":"post_tag","embeddable":true,"href":"https:\/\/pdt-rj.org.br\/index.php\/wp-json\/wp\/v2\/tags?post=78625"}],"curies":[{"name":"wp","href":"https:\/\/api.w.org\/{rel}","templated":true}]}}