{"id":78620,"date":"2021-06-21T15:09:09","date_gmt":"2021-06-21T18:09:09","guid":{"rendered":"http:\/\/pdt-rj.org.br\/?p=78620"},"modified":"2022-04-18T16:06:19","modified_gmt":"2022-04-18T19:06:19","slug":"carlos-lupi-ciro-gomes-e-a-continuidade-dos-sonhos-de-leonel-brizola","status":"publish","type":"post","link":"https:\/\/pdt-rj.org.br\/index.php\/carlos-lupi-ciro-gomes-e-a-continuidade-dos-sonhos-de-leonel-brizola\/","title":{"rendered":"Carlos Lupi: \u201cCiro Gomes \u00e9 a continuidade dos sonhos de Leonel Brizola\u201d"},"content":{"rendered":"<p class=\"yiv1690208721MsoNormal\"><em><b>Nos 17 anos sem o fundador do PDT, o presidente do partido assegura o fortalecimento do trabalhismo<\/b><\/em><\/p>\n<p class=\"yiv1690208721MsoNormal\">Os 17 anos de falecimento do presidente de honra e fundador do PDT, Leonel Brizola, foram lembrados pelo atual presidente nacional da sigla, Carlos Lupi, com um paralelo da busca trabalhista pelo progresso do Brasil. \u201cCiro Gomes \u00e9 a continuidade dos sonhos de Leonel Brizola\u201d, garantiu, em um v\u00eddeo publicado, nesta segunda-feira (21), nas redes sociais.<\/p>\n<p class=\"yiv1690208721MsoNormal\">\u201cEsse Brasil n\u00e3o \u00e9 o Brasil que o Brizola sonharia ver. E eu tenho certeza que Ciro Gomes representar\u00e1 essas ideias de transforma\u00e7\u00e3o, de tocar nesse c\u00e2ncer, que \u00e9 a acumula\u00e7\u00e3o de riqueza, e cobrar impostos dos ricos, da propriedade, dos grandes grupos\u201d, afirmou, ao referendar a pr\u00e9-candidatura do ex-governador do Cear\u00e1 ao Pal\u00e1cio do Planalto.<\/p>\n<p class=\"yiv1690208721MsoNormal\">\u201cNos ilumine, Brizola. Ilumine Ciro Gomes e o PDT a fazerem com que esse pa\u00eds se transforme como voc\u00ea sempre sonhou: uma na\u00e7\u00e3o livre, aut\u00f4noma, independente e capaz de distribuir renda e oportunidades a todos os seus filhos. Que essa p\u00e1tria, amada por Leonel Brizola, seja um dia do povo brasileiro\u201d, completou.<\/p>\n<p class=\"yiv1690208721MsoNormal\">Com exalta\u00e7\u00e3o \u00e0 representatividade constru\u00edda pelo ga\u00facho de Carazinho (RS) ao longo de 82 de vida, Lupi fez quest\u00e3o de ratificar toda a simbologia do trabalhista vinculada aos princ\u00edpios pedetistas, como a defesa do trabalhador, do direito dos aposentados e pensionistas e do papel do Estado eficiente.<\/p>\n<p class=\"yiv1690208721MsoNormal\">\u201cRefer\u00eancia do trabalhismo Um brasileiro que pagou altos pre\u00e7os por ser coerente, por defender a p\u00e1tria e a democracia. Foram 15 anos de ex\u00edlio, uma vida toda investigada e invadida na sua privacidade. \u00danico governador de dois estados diferentes do Brasil, Rio Grande do Sul e Rio de Janeiro\u201d, destacou.<\/p>\n<p class=\"yiv1690208721MsoNormal\">Pontuando fatos hist\u00f3ricos, Lupi citou ainda o movimento da \u201cCadeia da Legalidade\u201d desde Porto Alegre (RS), em 1961, que evitou o golpe militar e efetivou a posse do ent\u00e3o vice-presidente, Jo\u00e3o Goulart, bem como as mais de 6 mil escolas criadas nas tr\u00eas passagens pelo executivo estadual.<\/p>\n<p class=\"yiv1690208721MsoNormal\">\u201cMarcou a sua vida pelo compromisso com a p\u00e1tria brasileira, com a lealdade e amor profundo ao povo brasileiro. Perdemos Brizola, mas as ideias n\u00e3o v\u00e3o com a morte f\u00edsica. As ideias ficam no cora\u00e7\u00e3o e na mem\u00f3ria da gente, na vontade de acertar os caminhos da na\u00e7\u00e3o brasileira\u201d, disse.<\/p>\n<p class=\"yiv1690208721MsoNormal\">Confira a \u00edntegra do v\u00eddeo\u00a0<a href=\"https:\/\/www.facebook.com\/LupiPDT\" target=\"_blank\" rel=\"nofollow noopener noreferrer\">aqui<\/a>.<\/p>\n<!-- AddThis Advanced Settings generic via filter on the_content --><!-- AddThis Share Buttons generic via filter on the_content -->","protected":false},"excerpt":{"rendered":"<p>Nos 17 anos sem o fundador do PDT, o presidente do partido assegura o fortalecimento do trabalhismo Os 17 anos de falecimento do presidente de honra e fundador do PDT, Leonel Brizola, foram lembrados pelo atual presidente nacional da sigla, Carlos Lupi, com um paralelo da busca trabalhista pelo progresso do Brasil. \u201cCiro Gomes \u00e9&#8230;<!-- AddThis Advanced Settings generic via filter on wp_trim_excerpt --><!-- AddThis Share Buttons generic via filter on wp_trim_excerpt --><\/p>\n","protected":false},"author":17,"featured_media":78621,"comment_status":"closed","ping_status":"closed","sticky":false,"template":"","format":"standard","meta":{"_monsterinsights_skip_tracking":false,"_monsterinsights_sitenote_active":false,"_monsterinsights_sitenote_note":"","_monsterinsights_sitenote_category":0,"_uf_show_specific_survey":0,"_uf_disable_surveys":false,"footnotes":""},"categories":[1390,5417,5416,1401],"tags":[],"class_list":["post-78620","post","type-post","status-publish","format-standard","has-post-thumbnail","hentry","category-editorias","category-carlos-lupi","category-ciro-gomes","category-nacional"],"acf":[],"_links":{"self":[{"href":"https:\/\/pdt-rj.org.br\/index.php\/wp-json\/wp\/v2\/posts\/78620","targetHints":{"allow":["GET"]}}],"collection":[{"href":"https:\/\/pdt-rj.org.br\/index.php\/wp-json\/wp\/v2\/posts"}],"about":[{"href":"https:\/\/pdt-rj.org.br\/index.php\/wp-json\/wp\/v2\/types\/post"}],"author":[{"embeddable":true,"href":"https:\/\/pdt-rj.org.br\/index.php\/wp-json\/wp\/v2\/users\/17"}],"replies":[{"embeddable":true,"href":"https:\/\/pdt-rj.org.br\/index.php\/wp-json\/wp\/v2\/comments?post=78620"}],"version-history":[{"count":2,"href":"https:\/\/pdt-rj.org.br\/index.php\/wp-json\/wp\/v2\/posts\/78620\/revisions"}],"predecessor-version":[{"id":78712,"href":"https:\/\/pdt-rj.org.br\/index.php\/wp-json\/wp\/v2\/posts\/78620\/revisions\/78712"}],"wp:featuredmedia":[{"embeddable":true,"href":"https:\/\/pdt-rj.org.br\/index.php\/wp-json\/wp\/v2\/media\/78621"}],"wp:attachment":[{"href":"https:\/\/pdt-rj.org.br\/index.php\/wp-json\/wp\/v2\/media?parent=78620"}],"wp:term":[{"taxonomy":"category","embeddable":true,"href":"https:\/\/pdt-rj.org.br\/index.php\/wp-json\/wp\/v2\/categories?post=78620"},{"taxonomy":"post_tag","embeddable":true,"href":"https:\/\/pdt-rj.org.br\/index.php\/wp-json\/wp\/v2\/tags?post=78620"}],"curies":[{"name":"wp","href":"https:\/\/api.w.org\/{rel}","templated":true}]}}