{"id":78607,"date":"2021-06-19T13:48:03","date_gmt":"2021-06-19T16:48:03","guid":{"rendered":"http:\/\/pdt-rj.org.br\/?p=78607"},"modified":"2021-06-23T15:56:59","modified_gmt":"2021-06-23T18:56:59","slug":"cafe-com-lupi-homenageia-leonel-brizola","status":"publish","type":"post","link":"https:\/\/pdt-rj.org.br\/index.php\/cafe-com-lupi-homenageia-leonel-brizola\/","title":{"rendered":"Caf\u00e9 com Lupi homenageia Leonel Brizola"},"content":{"rendered":"<p>O Caf\u00e9 com Lupi deste s\u00e1bado (19) foi especial em homenagem a Leonel Brizola. No pr\u00f3ximo dia 21, completam 17 anos da morte do maior l\u00edder pedetista e, para lembrar a data, o presidente nacional do PDT, Carlo Lupi, dedicou o programa para rememorar a trajet\u00f3ria do trabalhista que atuou politicamente do governo Vargas ao s\u00e9culo XXI defendendo as causas nacionais e o povo.<\/p>\n<p>\u201cUm patriota\u201d, assim Lupi definiu Brizola durante a transmiss\u00e3o ao vivo. O presidente nacional do PDT contou a hist\u00f3ria do fundador do partido desde a primeira metade do s\u00e9culo XX, passando pelo seu governo no Rio Grande do Sul, a Campanha da Legalidade, o encontro de Lisboa, at\u00e9 chegar ao seu governo no Rio de Janeiro, a cria\u00e7\u00e3o dos Centros Integrados de Educa\u00e7\u00e3o P\u00fablica, os Cieps, e os \u00faltimos anos de vida.<\/p>\n<p>Para ilustrar a narra\u00e7\u00e3o de Lupi, que por uma hora descreveu fielmente acerca dos feitos do l\u00edder trabalhista, o programa trouxe um conjunto de v\u00eddeos e imagens hist\u00f3ricos, al\u00e9m de depoimentos de companheiros partid\u00e1rios como o secret\u00e1rio-geral nacional do PDT, Manuel Dias, e o presidenci\u00e1vel e vice-presidente nacional da legenda, Ciro Gomes. Dentre as declara\u00e7\u00f5es de arquivo, est\u00e1 uma em que Brizola conta sobre a experi\u00eancia de enfrentar o militares em 1961 garantindo a posse de Jo\u00e3o Goulart e adiando a Ditadura Militar que se abateria tr\u00eas anos mais tarde.<\/p>\n<p>O programa est\u00e1 recheado de hist\u00f3rias que remontam \u00e0 pr\u00f3pria g\u00eanese pedetista. Vale a pena conferir no v\u00eddeo abaixo.<\/p>\n<p><iframe loading=\"lazy\" title=\"YouTube video player\" src=\"\/\/www.youtube.com\/embed\/b7RyOLR52V0\" width=\"853\" height=\"480\" frameborder=\"0\" allowfullscreen=\"allowfullscreen\"><\/iframe><\/p>\n<!-- AddThis Advanced Settings generic via filter on the_content --><!-- AddThis Share Buttons generic via filter on the_content -->","protected":false},"excerpt":{"rendered":"<p>O Caf\u00e9 com Lupi deste s\u00e1bado (19) foi especial em homenagem a Leonel Brizola. No pr\u00f3ximo dia 21, completam 17 anos da morte do maior l\u00edder pedetista e, para lembrar a data, o presidente nacional do PDT, Carlo Lupi, dedicou o programa para rememorar a trajet\u00f3ria do trabalhista que atuou politicamente do governo Vargas ao&#8230;<!-- AddThis Advanced Settings generic via filter on wp_trim_excerpt --><!-- AddThis Share Buttons generic via filter on wp_trim_excerpt --><\/p>\n","protected":false},"author":17,"featured_media":78608,"comment_status":"closed","ping_status":"closed","sticky":false,"template":"","format":"standard","meta":{"_monsterinsights_skip_tracking":false,"_monsterinsights_sitenote_active":false,"_monsterinsights_sitenote_note":"","_monsterinsights_sitenote_category":0,"_uf_show_specific_survey":0,"_uf_disable_surveys":false,"footnotes":""},"categories":[1390,4549,976],"tags":[],"class_list":["post-78607","post","type-post","status-publish","format-standard","has-post-thumbnail","hentry","category-editorias","category-memoria","category-noticias-em-destaque"],"acf":[],"_links":{"self":[{"href":"https:\/\/pdt-rj.org.br\/index.php\/wp-json\/wp\/v2\/posts\/78607","targetHints":{"allow":["GET"]}}],"collection":[{"href":"https:\/\/pdt-rj.org.br\/index.php\/wp-json\/wp\/v2\/posts"}],"about":[{"href":"https:\/\/pdt-rj.org.br\/index.php\/wp-json\/wp\/v2\/types\/post"}],"author":[{"embeddable":true,"href":"https:\/\/pdt-rj.org.br\/index.php\/wp-json\/wp\/v2\/users\/17"}],"replies":[{"embeddable":true,"href":"https:\/\/pdt-rj.org.br\/index.php\/wp-json\/wp\/v2\/comments?post=78607"}],"version-history":[{"count":2,"href":"https:\/\/pdt-rj.org.br\/index.php\/wp-json\/wp\/v2\/posts\/78607\/revisions"}],"predecessor-version":[{"id":78698,"href":"https:\/\/pdt-rj.org.br\/index.php\/wp-json\/wp\/v2\/posts\/78607\/revisions\/78698"}],"wp:featuredmedia":[{"embeddable":true,"href":"https:\/\/pdt-rj.org.br\/index.php\/wp-json\/wp\/v2\/media\/78608"}],"wp:attachment":[{"href":"https:\/\/pdt-rj.org.br\/index.php\/wp-json\/wp\/v2\/media?parent=78607"}],"wp:term":[{"taxonomy":"category","embeddable":true,"href":"https:\/\/pdt-rj.org.br\/index.php\/wp-json\/wp\/v2\/categories?post=78607"},{"taxonomy":"post_tag","embeddable":true,"href":"https:\/\/pdt-rj.org.br\/index.php\/wp-json\/wp\/v2\/tags?post=78607"}],"curies":[{"name":"wp","href":"https:\/\/api.w.org\/{rel}","templated":true}]}}