{"id":78563,"date":"2021-06-16T14:51:52","date_gmt":"2021-06-16T17:51:52","guid":{"rendered":"http:\/\/pdt-rj.org.br\/?p=78563"},"modified":"2021-06-16T14:51:52","modified_gmt":"2021-06-16T17:51:52","slug":"comissao-de-cultura-aprova-inclusao-de-darcy-ribeiro-no-livro-dos-herois-da-patria","status":"publish","type":"post","link":"https:\/\/pdt-rj.org.br\/index.php\/comissao-de-cultura-aprova-inclusao-de-darcy-ribeiro-no-livro-dos-herois-da-patria\/","title":{"rendered":"Comiss\u00e3o de Cultura aprova inclus\u00e3o de Darcy Ribeiro no Livro dos Her\u00f3is da P\u00e1tria"},"content":{"rendered":"<p class=\"yiv1087796616MsoNormal\"><em><b>Autor do projeto na C\u00e2mara, deputado Chico D\u2019Angelo (RJ) exaltou a representatividade do ex-senador pedetista<\/b><\/em><\/p>\n<p class=\"yiv1087796616MsoNormal\">\n<p class=\"yiv1087796616gmail-MsoNoSpacing\">A Comiss\u00e3o de Cultura aprovou nesta quarta-feira (15) a inscri\u00e7\u00e3o do nome de Darcy Ribeiro no Livro dos Her\u00f3is e Hero\u00ednas da P\u00e1tria, proposta prevista no Projeto de Lei 5894\/19, do pedetista Chico D\u2019Angelo (RJ).<\/p>\n<p class=\"yiv1087796616gmail-MsoNoSpacing\">\u201cLembrado hoje por sua trajet\u00f3ria de lutas, pela brilhante produ\u00e7\u00e3o intelectual, pela teimosia e sede de justi\u00e7a, com gl\u00f3ria Darcy Ribeiro ter\u00e1 seu nome inscrito no Pante\u00e3o da P\u00e1tria\u201d, sustenta o deputado.<\/p>\n<p class=\"yiv1087796616gmail-MsoNoSpacing\">Antrop\u00f3logo, soci\u00f3logo, escritor e pol\u00edtico, Darcy Ribeiro deixou legado em todas essas \u00e1reas, conforme ressalta Chico D\u2019Angelo.<\/p>\n<p class=\"yiv1087796616gmail-MsoNoSpacing\">\u201cMinistro da Educa\u00e7\u00e3o, sonhou e colocou de p\u00e9 a UnB [Universidade Federal de Bras\u00edlia], foi o Secret\u00e1rio da Educa\u00e7\u00e3o do Rio de Janeiro que criou os Cieps, e o Senador que idealizou a Lei de Diretrizes e Bases da Educa\u00e7\u00e3o, que garantiu \u00e0s bases legais de um projeto educacional democratizante de um ensino p\u00fablico e de qualidade\u201d, recorda.<\/p>\n<p class=\"yiv1087796616gmail-MsoNoSpacing\">Al\u00e9m disso, o pedetista destaca que o desenvolvimento nacional imaginado por Darcy Ribeiro sempre foi associado a um projeto de integra\u00e7\u00e3o com a Am\u00e9rica Latina. Segundo sustenta, Darcy \u201cn\u00e3o concebia pensar o Brasil fora de um espa\u00e7o compartilhado pelos povos latino-americanos, passou a vida tentando fazer que o pa\u00eds deixasse de virar as costas aos povos irm\u00e3os da regi\u00e3o e os abra\u00e7asse em uma luta para deixar o atraso e as injusti\u00e7as para tr\u00e1s\u201d.<\/p>\n<p class=\"yiv1087796616gmail-MsoNoSpacing\">N\u00e3o por acaso, foi ele idealizador do Memorial da Am\u00e9rica Latina, \u201cum dos nossos marcos como projeto de integra\u00e7\u00e3o entre os povos da regi\u00e3o atrav\u00e9s da cultura\u201d, diz Chico D\u2019Angelo.<\/p>\n<!-- AddThis Advanced Settings generic via filter on the_content --><!-- AddThis Share Buttons generic via filter on the_content -->","protected":false},"excerpt":{"rendered":"<p>Autor do projeto na C\u00e2mara, deputado Chico D\u2019Angelo (RJ) exaltou a representatividade do ex-senador pedetista A Comiss\u00e3o de Cultura aprovou nesta quarta-feira (15) a inscri\u00e7\u00e3o do nome de Darcy Ribeiro no Livro dos Her\u00f3is e Hero\u00ednas da P\u00e1tria, proposta prevista no Projeto de Lei 5894\/19, do pedetista Chico D\u2019Angelo (RJ). \u201cLembrado hoje por sua trajet\u00f3ria&#8230;<!-- AddThis Advanced Settings generic via filter on wp_trim_excerpt --><!-- AddThis Share Buttons generic via filter on wp_trim_excerpt --><\/p>\n","protected":false},"author":17,"featured_media":78564,"comment_status":"closed","ping_status":"closed","sticky":false,"template":"","format":"standard","meta":{"_monsterinsights_skip_tracking":false,"_monsterinsights_sitenote_active":false,"_monsterinsights_sitenote_note":"","_monsterinsights_sitenote_category":0,"_uf_show_specific_survey":0,"_uf_disable_surveys":false,"footnotes":""},"categories":[1390],"tags":[2854,1545,277,4876,932],"class_list":["post-78563","post","type-post","status-publish","format-standard","has-post-thumbnail","hentry","category-editorias","tag-chico-dangelo","tag-cieps","tag-darcy-ribeiro","tag-livro-dos-herois-da-patria","tag-unb"],"acf":[],"_links":{"self":[{"href":"https:\/\/pdt-rj.org.br\/index.php\/wp-json\/wp\/v2\/posts\/78563","targetHints":{"allow":["GET"]}}],"collection":[{"href":"https:\/\/pdt-rj.org.br\/index.php\/wp-json\/wp\/v2\/posts"}],"about":[{"href":"https:\/\/pdt-rj.org.br\/index.php\/wp-json\/wp\/v2\/types\/post"}],"author":[{"embeddable":true,"href":"https:\/\/pdt-rj.org.br\/index.php\/wp-json\/wp\/v2\/users\/17"}],"replies":[{"embeddable":true,"href":"https:\/\/pdt-rj.org.br\/index.php\/wp-json\/wp\/v2\/comments?post=78563"}],"version-history":[{"count":1,"href":"https:\/\/pdt-rj.org.br\/index.php\/wp-json\/wp\/v2\/posts\/78563\/revisions"}],"predecessor-version":[{"id":78565,"href":"https:\/\/pdt-rj.org.br\/index.php\/wp-json\/wp\/v2\/posts\/78563\/revisions\/78565"}],"wp:featuredmedia":[{"embeddable":true,"href":"https:\/\/pdt-rj.org.br\/index.php\/wp-json\/wp\/v2\/media\/78564"}],"wp:attachment":[{"href":"https:\/\/pdt-rj.org.br\/index.php\/wp-json\/wp\/v2\/media?parent=78563"}],"wp:term":[{"taxonomy":"category","embeddable":true,"href":"https:\/\/pdt-rj.org.br\/index.php\/wp-json\/wp\/v2\/categories?post=78563"},{"taxonomy":"post_tag","embeddable":true,"href":"https:\/\/pdt-rj.org.br\/index.php\/wp-json\/wp\/v2\/tags?post=78563"}],"curies":[{"name":"wp","href":"https:\/\/api.w.org\/{rel}","templated":true}]}}