{"id":78545,"date":"2021-06-16T00:48:35","date_gmt":"2021-06-16T03:48:35","guid":{"rendered":"http:\/\/pdt-rj.org.br\/?p=78545"},"modified":"2021-06-16T00:48:35","modified_gmt":"2021-06-16T03:48:35","slug":"jose-maria-rabelo-relembra-exilio-e-protagonismo-de-brizola-com-encontro-de-lisboa","status":"publish","type":"post","link":"https:\/\/pdt-rj.org.br\/index.php\/jose-maria-rabelo-relembra-exilio-e-protagonismo-de-brizola-com-encontro-de-lisboa\/","title":{"rendered":"Jos\u00e9 Maria Rabelo relembra ex\u00edlio e protagonismo de Brizola com Encontro de Lisboa"},"content":{"rendered":"<div class=\"msg-body P_wpofO mq_AS\" data-test-id=\"message-view-body-content\">\n<div class=\"jb_0 X_6MGW N_6Fd5\">\n<div id=\"yiv1487248868\">\n<div dir=\"ltr\">\n<p class=\"yiv1487248868MsoNormal\"><em><b>Fundador do PDT, jornalista mineiro elogiou engajamento trabalhista para retorno ao Brasil democr\u00e1tico<\/b><\/em><\/p>\n<p class=\"yiv1487248868MsoNormal\">Nos 42 anos do Encontro dos Trabalhistas do Brasil com os Trabalhistas no Ex\u00edlio em Portugal, gerador da Carta de Lisboa, o jornalista e fundador do PDT Jos\u00e9 Maria Rabelo compartilhou lembran\u00e7as de uma trajet\u00f3ria de lutas em prol da democracia e da justi\u00e7a social. Lan\u00e7ada nesta ter\u00e7a-feira (15), a entrevista ocorreu no programa &#8216;Trabalhismo na Hist\u00f3ria&#8217;, do Centro de Mem\u00f3ria Trabalhista (CMT).<\/p>\n<p class=\"yiv1487248868MsoNormal\">Aos 92 anos, o mineiro recordou a mobiliza\u00e7\u00e3o presencial de lideran\u00e7as na capital portuguesa, entre 15 e 17 de junho de 1979, coordenada pelo ent\u00e3o ex-governador do Rio Grande do Sul, Leonel Brizola. De toda a Europa e continente americano, brasileiros buscaram intensificar a reorganiza\u00e7\u00e3o trabalhista, estimulada pelos sinais concretos do encerramento progressivo do golpe c\u00edvico-militar, que durava 15 anos.<\/p>\n<p class=\"yiv1487248868MsoNormal\">\u201cVoltar ao Brasil por voltar n\u00e3o tinha sentido. Ent\u00e3o Brizola, que era o grande herdeiro do trabalhismo, teve a ideia de reorganizar o antigo PTB, de Get\u00falio Vargas. Come\u00e7amos a trabalhar nesse sentido\u201d, disse, durante a conversa com o coordenador do CMT, Henrique Matthiesen.<\/p>\n<p class=\"yiv1487248868MsoNormal\">Sobre a pluralidade de pensamentos e posi\u00e7\u00f5es, Rabelo fez quest\u00e3o de salientar a converg\u00eancia para um objetivo central e o engajamento contra o regime vigente no Brasil.<\/p>\n<p class=\"yiv1487248868MsoNormal\">\u201cEram grupos diferentes que se identificavam em um ponto comum: a oposi\u00e7\u00e3o \u00e0 ditadura. A \u2018Carta de Lisboa\u2019 \u00e9 um apelo aos brasileiros para lutarem pela redemocratiza\u00e7\u00e3o\u201d, explicou, com saudosismo por ter sido um dos principais redatores.<\/p>\n<p class=\"yiv1487248868MsoNormal\"><b>Realidade<\/b><\/p>\n<p class=\"yiv1487248868MsoNormal\">Considerado um dos precursores da imprensa alternativa por ter criado o jornal \u201cBin\u00f4mio\u201d, Rabelo fez quest\u00e3o de explicitar que nunca naturalizou a raz\u00e3o de viver na Bol\u00edvia, Chile e Fran\u00e7a.<\/p>\n<p class=\"yiv1487248868MsoNormal\">\u201cN\u00f3s nunca pensamos em deixar a luta no Brasil, tanto que faz\u00edamos jornais, eventos e palestras lembrando a condi\u00e7\u00e3o de exilados e a ditadura nos nossos pa\u00edses\u201d, recordou.<\/p>\n<p class=\"yiv1487248868MsoNormal\">\u201cMuita gente pensa que o ex\u00edlio \u00e9 um passeio, uma festa. Muitos pa\u00edses n\u00e3o te recebem e voc\u00ea tem que bater \u00e0 porta de outro pa\u00eds. \u00c9 viver por conta pr\u00f3pria. O ex\u00edlio \u00e9 uma prova muito dura, [&#8230;] mas soubemos vencer. Voltamos ao Brasil enriquecidos com uma experi\u00eancia extraordin\u00e1ria\u201d, acrescentou.<\/p>\n<p class=\"yiv1487248868MsoNormal\">Confira a \u00edntegra da entrevista\u00a0<a href=\"https:\/\/www.youtube.com\/watch?v=TM4beaHBiQI\" target=\"_blank\" rel=\"nofollow noopener noreferrer\">aqui<\/a>.<\/p>\n<\/div>\n<\/div>\n<\/div>\n<\/div>\n<!-- AddThis Advanced Settings generic via filter on the_content --><!-- AddThis Share Buttons generic via filter on the_content -->","protected":false},"excerpt":{"rendered":"<p>Fundador do PDT, jornalista mineiro elogiou engajamento trabalhista para retorno ao Brasil democr\u00e1tico Nos 42 anos do Encontro dos Trabalhistas do Brasil com os Trabalhistas no Ex\u00edlio em Portugal, gerador da Carta de Lisboa, o jornalista e fundador do PDT Jos\u00e9 Maria Rabelo compartilhou lembran\u00e7as de uma trajet\u00f3ria de lutas em prol da democracia e&#8230;<!-- AddThis Advanced Settings generic via filter on wp_trim_excerpt --><!-- AddThis Share Buttons generic via filter on wp_trim_excerpt --><\/p>\n","protected":false},"author":17,"featured_media":78546,"comment_status":"closed","ping_status":"closed","sticky":false,"template":"","format":"standard","meta":{"_monsterinsights_skip_tracking":false,"_monsterinsights_sitenote_active":false,"_monsterinsights_sitenote_note":"","_monsterinsights_sitenote_category":0,"_uf_show_specific_survey":0,"_uf_disable_surveys":false,"footnotes":""},"categories":[1390],"tags":[1934,4478,3863],"class_list":["post-78545","post","type-post","status-publish","format-standard","has-post-thumbnail","hentry","category-editorias","tag-carta-de-lisboa","tag-encontro-de-lisboa","tag-jose-maria-rabelo"],"acf":[],"_links":{"self":[{"href":"https:\/\/pdt-rj.org.br\/index.php\/wp-json\/wp\/v2\/posts\/78545","targetHints":{"allow":["GET"]}}],"collection":[{"href":"https:\/\/pdt-rj.org.br\/index.php\/wp-json\/wp\/v2\/posts"}],"about":[{"href":"https:\/\/pdt-rj.org.br\/index.php\/wp-json\/wp\/v2\/types\/post"}],"author":[{"embeddable":true,"href":"https:\/\/pdt-rj.org.br\/index.php\/wp-json\/wp\/v2\/users\/17"}],"replies":[{"embeddable":true,"href":"https:\/\/pdt-rj.org.br\/index.php\/wp-json\/wp\/v2\/comments?post=78545"}],"version-history":[{"count":1,"href":"https:\/\/pdt-rj.org.br\/index.php\/wp-json\/wp\/v2\/posts\/78545\/revisions"}],"predecessor-version":[{"id":78547,"href":"https:\/\/pdt-rj.org.br\/index.php\/wp-json\/wp\/v2\/posts\/78545\/revisions\/78547"}],"wp:featuredmedia":[{"embeddable":true,"href":"https:\/\/pdt-rj.org.br\/index.php\/wp-json\/wp\/v2\/media\/78546"}],"wp:attachment":[{"href":"https:\/\/pdt-rj.org.br\/index.php\/wp-json\/wp\/v2\/media?parent=78545"}],"wp:term":[{"taxonomy":"category","embeddable":true,"href":"https:\/\/pdt-rj.org.br\/index.php\/wp-json\/wp\/v2\/categories?post=78545"},{"taxonomy":"post_tag","embeddable":true,"href":"https:\/\/pdt-rj.org.br\/index.php\/wp-json\/wp\/v2\/tags?post=78545"}],"curies":[{"name":"wp","href":"https:\/\/api.w.org\/{rel}","templated":true}]}}