{"id":78532,"date":"2021-06-14T21:24:34","date_gmt":"2021-06-15T00:24:34","guid":{"rendered":"http:\/\/pdt-rj.org.br\/?p=78532"},"modified":"2021-06-18T16:09:17","modified_gmt":"2021-06-18T19:09:17","slug":"lupi-considera-distritao-um-golpe-contra-o-pleno-direito-ao-voto","status":"publish","type":"post","link":"https:\/\/pdt-rj.org.br\/index.php\/lupi-considera-distritao-um-golpe-contra-o-pleno-direito-ao-voto\/","title":{"rendered":"Lupi considera \u2018distrit\u00e3o\u2019 um golpe contra o pleno direito ao voto"},"content":{"rendered":"<p class=\"yiv6065797816MsoNormal\"><em><b>Debatido no Congresso, modelo limitaria representatividade e abrang\u00eancia dos candidatos nas elei\u00e7\u00f5es \u00a0<\/b><\/em><\/p>\n<p class=\"yiv6065797816MsoNormal\">\u201c\u00c9 um golpe contra o seu direito\u201d, disse o presidente nacional do PDT, Carlos Lupi, ao criticar o \u201cdistrit\u00e3o\u201d, novo modelo eleitoral para vereadores e deputados que est\u00e1 sendo discutido no Congresso Nacional. A manifesta\u00e7\u00e3o ocorreu nesta segunda-feira (14), pelas redes sociais.<\/p>\n<p class=\"yiv6065797816MsoNormal\">O pedetista ressaltou que a mudan\u00e7a limitaria a representatividade e abrang\u00eancia dos candidatos nas pr\u00f3ximas elei\u00e7\u00f5es, o que facilitaria a prolifera\u00e7\u00e3o de op\u00e7\u00f5es baseadas no \u201cdom\u00ednio econ\u00f4mico, no poder financeiro, em empresas e na mil\u00edcia\u201d.<\/p>\n<p class=\"yiv6065797816MsoNormal\">Al\u00e9m de desconsiderar os votos excedentes e por legenda, o formato privilegiaria, portanto, os postulantes individualmente mais votados em cada distrito, que seria o padr\u00e3o de classifica\u00e7\u00e3o para estados ou munic\u00edpios a partir do Tribunal Superior Eleitoral (TSE), e sem distribui\u00e7\u00e3o proporcional das vagas.<\/p>\n<p class=\"yiv6065797816MsoNormal\">\u201cO distrit\u00e3o acaba com seu direito sagrado de escolher quem voc\u00ea quiser, a qualquer momento, de qualquer parte do estado\u201d, explicou, na sustenta\u00e7\u00e3o da presen\u00e7a de parlamentares das minorias.<\/p>\n<p class=\"yiv6065797816MsoNormal\">\u201cVoc\u00ea s\u00f3 vai poder votar naquele candidato daquela regi\u00e3o espec\u00edfica. Praticamente impedindo a exist\u00eancia de partidos\u201d, complementou.<\/p>\n<p class=\"yiv6065797816MsoNormal\">Veja a \u00edntegra do v\u00eddeo\u00a0<a href=\"https:\/\/www.facebook.com\/LupiPDT\/videos\/344292037268490\" target=\"_blank\" rel=\"nofollow noopener noreferrer\">aqui<\/a>.<\/p>\n<!-- AddThis Advanced Settings generic via filter on the_content --><!-- AddThis Share Buttons generic via filter on the_content -->","protected":false},"excerpt":{"rendered":"<p>Debatido no Congresso, modelo limitaria representatividade e abrang\u00eancia dos candidatos nas elei\u00e7\u00f5es \u00a0 \u201c\u00c9 um golpe contra o seu direito\u201d, disse o presidente nacional do PDT, Carlos Lupi, ao criticar o \u201cdistrit\u00e3o\u201d, novo modelo eleitoral para vereadores e deputados que est\u00e1 sendo discutido no Congresso Nacional. A manifesta\u00e7\u00e3o ocorreu nesta segunda-feira (14), pelas redes sociais&#8230;.<!-- AddThis Advanced Settings generic via filter on wp_trim_excerpt --><!-- AddThis Share Buttons generic via filter on wp_trim_excerpt --><\/p>\n","protected":false},"author":17,"featured_media":78533,"comment_status":"closed","ping_status":"closed","sticky":false,"template":"","format":"standard","meta":{"_monsterinsights_skip_tracking":false,"_monsterinsights_sitenote_active":false,"_monsterinsights_sitenote_note":"","_monsterinsights_sitenote_category":0,"_uf_show_specific_survey":0,"_uf_disable_surveys":false,"footnotes":""},"categories":[1390,1401,976],"tags":[196,1526,4870,923],"class_list":["post-78532","post","type-post","status-publish","format-standard","has-post-thumbnail","hentry","category-editorias","category-nacional","category-noticias-em-destaque","tag-carlos-lupi","tag-congresso-nacional","tag-distritao","tag-tribunal-superior-eleitoral"],"acf":[],"_links":{"self":[{"href":"https:\/\/pdt-rj.org.br\/index.php\/wp-json\/wp\/v2\/posts\/78532","targetHints":{"allow":["GET"]}}],"collection":[{"href":"https:\/\/pdt-rj.org.br\/index.php\/wp-json\/wp\/v2\/posts"}],"about":[{"href":"https:\/\/pdt-rj.org.br\/index.php\/wp-json\/wp\/v2\/types\/post"}],"author":[{"embeddable":true,"href":"https:\/\/pdt-rj.org.br\/index.php\/wp-json\/wp\/v2\/users\/17"}],"replies":[{"embeddable":true,"href":"https:\/\/pdt-rj.org.br\/index.php\/wp-json\/wp\/v2\/comments?post=78532"}],"version-history":[{"count":3,"href":"https:\/\/pdt-rj.org.br\/index.php\/wp-json\/wp\/v2\/posts\/78532\/revisions"}],"predecessor-version":[{"id":78598,"href":"https:\/\/pdt-rj.org.br\/index.php\/wp-json\/wp\/v2\/posts\/78532\/revisions\/78598"}],"wp:featuredmedia":[{"embeddable":true,"href":"https:\/\/pdt-rj.org.br\/index.php\/wp-json\/wp\/v2\/media\/78533"}],"wp:attachment":[{"href":"https:\/\/pdt-rj.org.br\/index.php\/wp-json\/wp\/v2\/media?parent=78532"}],"wp:term":[{"taxonomy":"category","embeddable":true,"href":"https:\/\/pdt-rj.org.br\/index.php\/wp-json\/wp\/v2\/categories?post=78532"},{"taxonomy":"post_tag","embeddable":true,"href":"https:\/\/pdt-rj.org.br\/index.php\/wp-json\/wp\/v2\/tags?post=78532"}],"curies":[{"name":"wp","href":"https:\/\/api.w.org\/{rel}","templated":true}]}}