{"id":78522,"date":"2021-06-14T13:29:16","date_gmt":"2021-06-14T16:29:16","guid":{"rendered":"http:\/\/pdt-rj.org.br\/?p=78522"},"modified":"2021-06-14T13:29:16","modified_gmt":"2021-06-14T16:29:16","slug":"ecotrabalhismo-formaliza-posse-da-nova-direcao-estadual-do-rio-de-janeiro","status":"publish","type":"post","link":"https:\/\/pdt-rj.org.br\/index.php\/ecotrabalhismo-formaliza-posse-da-nova-direcao-estadual-do-rio-de-janeiro\/","title":{"rendered":"Ecotrabalhismo formaliza posse da nova dire\u00e7\u00e3o estadual do Rio de Janeiro"},"content":{"rendered":"<div class=\"msg-body P_wpofO mq_AS\" data-test-id=\"message-view-body-content\">\n<div class=\"jb_0 X_6MGW N_6Fd5\">\n<div id=\"yiv7316317777\">\n<div dir=\"ltr\">\n<p class=\"yiv7316317777MsoNormal\"><em><b>Luis Moreira assume presid\u00eancia e destaca incentivo \u00e0 qualifica\u00e7\u00e3o ambiental no PDT<\/b><\/em><\/p>\n<p class=\"yiv7316317777MsoNormal\">\n<p class=\"yiv7316317777MsoNormal\">O Ecotrabalhismo formalizou a posse, nesta segunda-feira (14), da dire\u00e7\u00e3o do movimento no estado do Rio de Janeiro. Como presidente, assume o gestor p\u00fablico Luis Moreira, que iniciou sua trajet\u00f3ria no PDT a partir da Juventude Socialista (JS).<\/p>\n<p class=\"yiv7316317777MsoNormal\">Ao enaltecer o compromisso do partido com o desenvolvimento sustent\u00e1vel desde a funda\u00e7\u00e3o, em 1980, a jovem lideran\u00e7a indicou a prioridade das a\u00e7\u00f5es nas cidades: qualificar gest\u00f5es e mandatos para estimular o crescimento econ\u00f4mico vinculado ao equil\u00edbrio ecol\u00f3gico.<\/p>\n<p class=\"yiv7316317777MsoNormal\">\u201cMeio ambiente \u00e9 coisa s\u00e9ria e a preocupa\u00e7\u00e3o trabalhista com este tema vem de longe. Leonel Brizola, em seu governo no Rio, sediou a Confer\u00eancia das Na\u00e7\u00f5es Unidas sobre a tem\u00e1tica (Eco-92). Foi um marco hist\u00f3rico mundial\u201d, explicou.<\/p>\n<p class=\"yiv7316317777MsoNormal\">Em parceria com a dire\u00e7\u00e3o nacional da organiza\u00e7\u00e3o pedetista \u2013 conduzida pela presidente e o vice, Ivana Groff e Everton Gomes, respectivamente\u00a0\u2013, o grupo fluminense pretende promover ainda debates regionais a partir da\u00a0<a href=\"https:\/\/drive.google.com\/file\/d\/1CuT14HPRwto4DXXHCjJXeKSab3qsFhVF\/view?fbclid=IwAR1KsWPDCpzPsZExizx8Fh3m2hgWNhTWzvWumadCErmMw-QcAoyFDg7XOLI\" target=\"_blank\" rel=\"nofollow noopener noreferrer\">cartilha<\/a>\u00a0rec\u00e9m-lan\u00e7ada.<\/p>\n<p class=\"yiv7316317777MsoNormal\">\u201cO di\u00e1logo \u00e9 fundamental para criar novas mentes esclarecidas. Em conjunto com o partido, a Funda\u00e7\u00e3o Leonel Brizola \u2013 Alberto Pasqualini e demais movimentos, refor\u00e7amos a luta para que o Rio volte para o caminho do progresso respons\u00e1vel\u201d, concluiu.<\/p>\n<p class=\"yiv7316317777MsoNormal\">Confira a lista completa dos nomeados:<\/p>\n<p class=\"yiv7316317777MsoNormal\">Presidente: Luis Moreira<\/p>\n<p class=\"yiv7316317777MsoNormal\">Vice-presidente: Joildo Machado<\/p>\n<p class=\"yiv7316317777MsoNormal\">Secret\u00e1ria: Thayane Neves<\/p>\n<p class=\"yiv7316317777MsoNormal\">Dire\u00e7\u00e3o de Comunica\u00e7\u00e3o e Forma\u00e7\u00e3o: Gustavo Henrique<\/p>\n<p class=\"yiv7316317777MsoNormal\">Tesoureiro: Marcos Ceia<\/p>\n<p class=\"yiv7316317777MsoNormal\">1\u00ba vogal: Manoel Arrais<\/p>\n<p class=\"yiv7316317777MsoNormal\">2\u00ba vogal: Caroline Murakami<\/p>\n<\/div>\n<\/div>\n<\/div>\n<\/div>\n<div class=\"jb_0 X_6MGW N_6Fd5\">\n<div class=\"P_0 je_fq7\"><\/div>\n<\/div>\n<!-- AddThis Advanced Settings generic via filter on the_content --><!-- AddThis Share Buttons generic via filter on the_content -->","protected":false},"excerpt":{"rendered":"<p>Luis Moreira assume presid\u00eancia e destaca incentivo \u00e0 qualifica\u00e7\u00e3o ambiental no PDT O Ecotrabalhismo formalizou a posse, nesta segunda-feira (14), da dire\u00e7\u00e3o do movimento no estado do Rio de Janeiro. Como presidente, assume o gestor p\u00fablico Luis Moreira, que iniciou sua trajet\u00f3ria no PDT a partir da Juventude Socialista (JS). Ao enaltecer o compromisso do&#8230;<!-- AddThis Advanced Settings generic via filter on wp_trim_excerpt --><!-- AddThis Share Buttons generic via filter on wp_trim_excerpt --><\/p>\n","protected":false},"author":17,"featured_media":78523,"comment_status":"closed","ping_status":"closed","sticky":false,"template":"","format":"standard","meta":{"_monsterinsights_skip_tracking":false,"_monsterinsights_sitenote_active":false,"_monsterinsights_sitenote_note":"","_monsterinsights_sitenote_category":0,"_uf_show_specific_survey":0,"_uf_disable_surveys":false,"footnotes":""},"categories":[1390,3682,1397],"tags":[3584],"class_list":["post-78522","post","type-post","status-publish","format-standard","has-post-thumbnail","hentry","category-editorias","category-ecotrabalhismo","category-movimentos","tag-ecotrabalhismo"],"acf":[],"_links":{"self":[{"href":"https:\/\/pdt-rj.org.br\/index.php\/wp-json\/wp\/v2\/posts\/78522","targetHints":{"allow":["GET"]}}],"collection":[{"href":"https:\/\/pdt-rj.org.br\/index.php\/wp-json\/wp\/v2\/posts"}],"about":[{"href":"https:\/\/pdt-rj.org.br\/index.php\/wp-json\/wp\/v2\/types\/post"}],"author":[{"embeddable":true,"href":"https:\/\/pdt-rj.org.br\/index.php\/wp-json\/wp\/v2\/users\/17"}],"replies":[{"embeddable":true,"href":"https:\/\/pdt-rj.org.br\/index.php\/wp-json\/wp\/v2\/comments?post=78522"}],"version-history":[{"count":1,"href":"https:\/\/pdt-rj.org.br\/index.php\/wp-json\/wp\/v2\/posts\/78522\/revisions"}],"predecessor-version":[{"id":78524,"href":"https:\/\/pdt-rj.org.br\/index.php\/wp-json\/wp\/v2\/posts\/78522\/revisions\/78524"}],"wp:featuredmedia":[{"embeddable":true,"href":"https:\/\/pdt-rj.org.br\/index.php\/wp-json\/wp\/v2\/media\/78523"}],"wp:attachment":[{"href":"https:\/\/pdt-rj.org.br\/index.php\/wp-json\/wp\/v2\/media?parent=78522"}],"wp:term":[{"taxonomy":"category","embeddable":true,"href":"https:\/\/pdt-rj.org.br\/index.php\/wp-json\/wp\/v2\/categories?post=78522"},{"taxonomy":"post_tag","embeddable":true,"href":"https:\/\/pdt-rj.org.br\/index.php\/wp-json\/wp\/v2\/tags?post=78522"}],"curies":[{"name":"wp","href":"https:\/\/api.w.org\/{rel}","templated":true}]}}