{"id":78518,"date":"2021-06-14T12:54:37","date_gmt":"2021-06-14T15:54:37","guid":{"rendered":"http:\/\/pdt-rj.org.br\/?p=78518"},"modified":"2021-06-14T12:55:08","modified_gmt":"2021-06-14T15:55:08","slug":"em-japeri-rj-fernanda-ontiveros-discute-melhorias-para-o-setor-de-assistencia-social-do-municipio","status":"publish","type":"post","link":"https:\/\/pdt-rj.org.br\/index.php\/em-japeri-rj-fernanda-ontiveros-discute-melhorias-para-o-setor-de-assistencia-social-do-municipio\/","title":{"rendered":"Em Japeri (RJ), Fernanda Ontiveros discute melhorias para o setor de assist\u00eancia social do munic\u00edpio"},"content":{"rendered":"<p class=\"has-text-align-justify\">Na manh\u00e3 da \u00faltima quarta-feira (9), a prefeita de Japeri (RJ), Dr\u00aa Fernanda Ontiveros (PDT) se reuniu com o Secret\u00e1rio de Assist\u00eancia Social, Rog\u00e9rio Santanna e sua equipe, onde foi apresentado \u00e0 gestora um relat\u00f3rio dos primeiros seis meses de trabalho realizados na cidade.<\/p>\n<p class=\"has-text-align-justify\">Durante o encontro, o secret\u00e1rio da pasta mostrou que desde 2016 n\u00e3o havia uma atualiza\u00e7\u00e3o no sistema da Assist\u00eancia Social. De acordo com os dados desse relat\u00f3rio, Japeri possui 5 unidades de Centro de Refer\u00eancia de Assist\u00eancia Social (Cras) e 1 Centro de Refer\u00eancia Especializado em Assist\u00eancia Social (Creas) com n\u00fameros de atendimentos defasados por mais de 4 anos.<\/p>\n<p class=\"has-text-align-justify\">S\u00e3o pelo menos 40 mil atendimentos realizados nesses equipamentos durante esse tempo que n\u00e3o constavam no relat\u00f3rio. Essa falta de informa\u00e7\u00e3o, de acordo com Rog\u00e9rio Santana, dificultou a chegada de recursos federais e estaduais na cidade, resultando no atraso de projetos importantes dentro do segmento.<\/p>\n<p class=\"has-text-align-justify\">\u201cA falta de atualiza\u00e7\u00e3o de atividades dentro da Assist\u00eancia Social atrasou a chegada de muitos projetos que j\u00e1 eram para estar em funcionamento na cidade. Com essa an\u00e1lise podemos pensar em programas com maior capacidade de atendimento \u00e0 popula\u00e7\u00e3o\u201d, explicou Rog\u00e9rio Santana.<\/p>\n<p><strong>Restrutura\u00e7\u00e3o dos CRAS<\/strong><\/p>\n<p class=\"has-text-align-justify\">Tamb\u00e9m foi firmado a reestrutura\u00e7\u00e3o dos Centro de Refer\u00eancia e Assist\u00eancia Social (CRAS) de todo o munic\u00edpio, uma vez que est\u00e3o fora dos padr\u00f5es exigidos pelo Minist\u00e9rio da Cidadania. A primeira unidade que passar\u00e1 por essa reestrutura\u00e7\u00e3o \u00e9 a do bairro Chacrinha. A previs\u00e3o do in\u00edcio dos trabalhos \u00e9 nos pr\u00f3ximos 15 dias.<\/p>\n<p class=\"has-text-align-justify\">\u201cNossa meta \u00e9 nos pr\u00f3ximos 15 come\u00e7ar as reformas no Cras da Chacrinha, abrir um novo equipamento no Centro de Engenheiro Pedreira e no Mucaj\u00e1. Al\u00e9m disso, vamos reabrir a unidade do bairro Santa Am\u00e9lia&#8221;, afirmou a prefeita.<\/p>\n<p><strong>Assist\u00eancia Social no Programa Seguran\u00e7a Presente<\/strong><\/p>\n<p class=\"has-text-align-justify\">Outro ponto importante abordado no encontro foi a implanta\u00e7\u00e3o de servi\u00e7os de assist\u00eancia social na base do Programa Seguran\u00e7a Presente em Japeri. A expectativa \u00e9 de que os profissionais atuem j\u00e1 nos pr\u00f3ximos dias.<\/p>\n<!-- AddThis Advanced Settings generic via filter on the_content --><!-- AddThis Share Buttons generic via filter on the_content -->","protected":false},"excerpt":{"rendered":"<p>Na manh\u00e3 da \u00faltima quarta-feira (9), a prefeita de Japeri (RJ), Dr\u00aa Fernanda Ontiveros (PDT) se reuniu com o Secret\u00e1rio de Assist\u00eancia Social, Rog\u00e9rio Santanna e sua equipe, onde foi apresentado \u00e0 gestora um relat\u00f3rio dos primeiros seis meses de trabalho realizados na cidade. Durante o encontro, o secret\u00e1rio da pasta mostrou que desde 2016&#8230;<!-- AddThis Advanced Settings generic via filter on wp_trim_excerpt --><!-- AddThis Share Buttons generic via filter on wp_trim_excerpt --><\/p>\n","protected":false},"author":17,"featured_media":78519,"comment_status":"closed","ping_status":"closed","sticky":false,"template":"","format":"standard","meta":{"_monsterinsights_skip_tracking":false,"_monsterinsights_sitenote_active":false,"_monsterinsights_sitenote_note":"","_monsterinsights_sitenote_category":0,"_uf_show_specific_survey":0,"_uf_disable_surveys":false,"footnotes":""},"categories":[1390,1402],"tags":[4868,4250,4782],"class_list":["post-78518","post","type-post","status-publish","format-standard","has-post-thumbnail","hentry","category-editorias","category-cidades","tag-assistencia-social-do-municipio","tag-fernanda-ontiveros","tag-prefeitura-de-japeri-rj"],"acf":[],"_links":{"self":[{"href":"https:\/\/pdt-rj.org.br\/index.php\/wp-json\/wp\/v2\/posts\/78518","targetHints":{"allow":["GET"]}}],"collection":[{"href":"https:\/\/pdt-rj.org.br\/index.php\/wp-json\/wp\/v2\/posts"}],"about":[{"href":"https:\/\/pdt-rj.org.br\/index.php\/wp-json\/wp\/v2\/types\/post"}],"author":[{"embeddable":true,"href":"https:\/\/pdt-rj.org.br\/index.php\/wp-json\/wp\/v2\/users\/17"}],"replies":[{"embeddable":true,"href":"https:\/\/pdt-rj.org.br\/index.php\/wp-json\/wp\/v2\/comments?post=78518"}],"version-history":[{"count":2,"href":"https:\/\/pdt-rj.org.br\/index.php\/wp-json\/wp\/v2\/posts\/78518\/revisions"}],"predecessor-version":[{"id":78521,"href":"https:\/\/pdt-rj.org.br\/index.php\/wp-json\/wp\/v2\/posts\/78518\/revisions\/78521"}],"wp:featuredmedia":[{"embeddable":true,"href":"https:\/\/pdt-rj.org.br\/index.php\/wp-json\/wp\/v2\/media\/78519"}],"wp:attachment":[{"href":"https:\/\/pdt-rj.org.br\/index.php\/wp-json\/wp\/v2\/media?parent=78518"}],"wp:term":[{"taxonomy":"category","embeddable":true,"href":"https:\/\/pdt-rj.org.br\/index.php\/wp-json\/wp\/v2\/categories?post=78518"},{"taxonomy":"post_tag","embeddable":true,"href":"https:\/\/pdt-rj.org.br\/index.php\/wp-json\/wp\/v2\/tags?post=78518"}],"curies":[{"name":"wp","href":"https:\/\/api.w.org\/{rel}","templated":true}]}}