{"id":78512,"date":"2021-06-13T15:36:14","date_gmt":"2021-06-13T18:36:14","guid":{"rendered":"http:\/\/pdt-rj.org.br\/?p=78512"},"modified":"2022-04-18T15:50:46","modified_gmt":"2022-04-18T18:50:46","slug":"rodrigo-neves-e-o-salto-de-niteroi","status":"publish","type":"post","link":"https:\/\/pdt-rj.org.br\/index.php\/rodrigo-neves-e-o-salto-de-niteroi\/","title":{"rendered":"Rodrigo Neves e o salto de Niter\u00f3i"},"content":{"rendered":"<h3><em>No Caf\u00e9 com Lupi, ex-prefeito conta como fez uma gest\u00e3o de sucesso na cidade fluminense<\/em><\/h3>\n<p>&nbsp;<\/p>\n<p>No Caf\u00e9 com Lupi deste s\u00e1bado (12), o presidente nacional do PDT, Carlos Lupi, recebeu o ex-prefeito de Niter\u00f3i (RJ), Rodrigo Neves, para um bate-papo que revelou como a cidade fluminense conseguiu se destacar mundialmente no combate \u00e0 pandemia. A conversa evidenciou tamb\u00e9m a gest\u00e3o que fez do munic\u00edpio exemplo de sucesso para o estado.<\/p>\n<p>Enquanto o Brasil entrava na crise sanit\u00e1ria mais grave do s\u00e9culo, completamente desgovernado, Niter\u00f3i se preparava para enfrentar a pandemia como poucos fizeram ao redor do mundo. Pioneira, a prefeitura formou um conselho de combate \u00e0 Covid-19 antes mesmo que se tivesse not\u00edcia da circula\u00e7\u00e3o do v\u00edrus no pa\u00eds.<\/p>\n<p>\u201cQuando come\u00e7ou a pandemia na China, no final de 2019, a gente j\u00e1 tinha constitu\u00eddo um grupo de trabalho para observar o que estava acontecendo do outro lado do mundo, de maneira que, quando a pandemia chegou ao Brasil, Niter\u00f3i j\u00e1 tinha um planejamento com uma equipe extremamente qualificada, preparada, com a\u00e7\u00f5es integradas\u201d, revelou Rodrigo Neves.<\/p>\n<p>O ex-prefeito conta que no primeiro momento foi feita a sanitiza\u00e7\u00e3o de ruas, distribui\u00e7\u00e3o de kits de higiene e de limpeza nas comunidades pobres e grandes investimentos na rede hospitalar do munic\u00edpio. \u201cN\u00f3s arrendamos um hospital privado e implantamos, em menos de 20 dias, dezenas de leitos de retaguarda hospitalar [&#8230;] Niter\u00f3i \u00e9 a \u00fanica cidade que tem passado essa pandemia, na regi\u00e3o metropolitana, sem graves problemas de retaguarda hospitalar\u201d, contou o ex-prefeito.<\/p>\n<p>O munic\u00edpio tamb\u00e9m se tornou refer\u00eancia no tratamento de Covid-19 na regi\u00e3o, atraindo a popula\u00e7\u00e3o de cidades vizinhas em busca do atendimento de refer\u00eancia. Com afirmou Lupi.<\/p>\n<p>\u201cTodas as pessoas do grande Rio procuram os hospitais de Niter\u00f3i: S\u00e3o Gon\u00e7alo, Maca\u00e9, Itabora\u00ed. Na cidade do Rio de Janeiro, atravessam a ponte ou pegam o barco para ir. Ent\u00e3o Niter\u00f3i teve que ter um suporte muito maior para aguentar a demanda que n\u00e3o era s\u00f3 de quem mora l\u00e1, era de quem queria sa\u00fade de qualidade e efici\u00eancia\u201d.<\/p>\n<p>Para al\u00e9m do atendimento direto \u00e0 sa\u00fade municipal, a prefeitura tamb\u00e9m se planejou para a queda de renda da popula\u00e7\u00e3o que seria inevit\u00e1vel com as medidas de isolamento social. Para garantir que as pessoas ficassem em casa, foi criado um programa de renda b\u00e1sica. No total, 50 mil fam\u00edlias receberam um cart\u00e3o com R$ 500 em cr\u00e9dito ao m\u00eas. O benef\u00edcio ainda \u00e9 mantido pelo atual prefeito, Axel Grael, e s\u00f3 ser\u00e1 suspenso quando toda a popula\u00e7\u00e3o adulta estiver vacinada.<\/p>\n<p>Outra medida tomada pelo governo de Rodrigo Neves garantiu a sobreviv\u00eancia de pequenos neg\u00f3cios no munic\u00edpio. \u201c\u00c9 o programa Empresa Cidad\u00e3 de Niter\u00f3i. A prefeitura est\u00e1 pagando o sal\u00e1rio de at\u00e9 nove funcion\u00e1rios de todas as pequenas empresas da cidade, ajudando essas empresas a fazer a travessia dessa crise da pandemia\u201d, explicou o ex-prefeito.<\/p>\n<p>O governo do pedetista ainda foi respons\u00e1vel por outras marcas importantes na cidade fluminense. Em rela\u00e7\u00e3o ao saneamento b\u00e1sico, por exemplo, a gest\u00e3o de Rodrigo Neves conseguiu fornecer 100% de \u00e1gua tratada \u00e0 popula\u00e7\u00e3o e quase 100% do esgoto j\u00e1 \u00e9 tratado. Para o ex-prefeito, o sucesso obtido em Niter\u00f3i \u00e9 reflexo de uma administra\u00e7\u00e3o comprometida com o povo.<\/p>\n<p>Confira tudo que rolou no Caf\u00e9 com Lupi logo abaixo.<\/p>\n<p><iframe loading=\"lazy\" title=\"YouTube video player\" src=\"\/\/www.youtube.com\/embed\/dOFZQNytz90\" width=\"956\" height=\"538\" frameborder=\"0\" allowfullscreen=\"allowfullscreen\"><\/iframe><\/p>\n<!-- AddThis Advanced Settings generic via filter on the_content --><!-- AddThis Share Buttons generic via filter on the_content -->","protected":false},"excerpt":{"rendered":"<p>No Caf\u00e9 com Lupi, ex-prefeito conta como fez uma gest\u00e3o de sucesso na cidade fluminense &nbsp; No Caf\u00e9 com Lupi deste s\u00e1bado (12), o presidente nacional do PDT, Carlos Lupi, recebeu o ex-prefeito de Niter\u00f3i (RJ), Rodrigo Neves, para um bate-papo que revelou como a cidade fluminense conseguiu se destacar mundialmente no combate \u00e0 pandemia&#8230;.<!-- AddThis Advanced Settings generic via filter on wp_trim_excerpt --><!-- AddThis Share Buttons generic via filter on wp_trim_excerpt --><\/p>\n","protected":false},"author":17,"featured_media":78517,"comment_status":"closed","ping_status":"closed","sticky":false,"template":"","format":"standard","meta":{"_monsterinsights_skip_tracking":false,"_monsterinsights_sitenote_active":false,"_monsterinsights_sitenote_note":"","_monsterinsights_sitenote_category":0,"_uf_show_specific_survey":0,"_uf_disable_surveys":false,"footnotes":""},"categories":[1390,5414,5415],"tags":[22,3350,3348,2463,3169],"class_list":["post-78512","post","type-post","status-publish","format-standard","has-post-thumbnail","hentry","category-editorias","category-estado","category-rodrigo-neves","tag-brasil","tag-china","tag-covid-19","tag-niteroi-rj","tag-rodrigo-neves"],"acf":[],"_links":{"self":[{"href":"https:\/\/pdt-rj.org.br\/index.php\/wp-json\/wp\/v2\/posts\/78512","targetHints":{"allow":["GET"]}}],"collection":[{"href":"https:\/\/pdt-rj.org.br\/index.php\/wp-json\/wp\/v2\/posts"}],"about":[{"href":"https:\/\/pdt-rj.org.br\/index.php\/wp-json\/wp\/v2\/types\/post"}],"author":[{"embeddable":true,"href":"https:\/\/pdt-rj.org.br\/index.php\/wp-json\/wp\/v2\/users\/17"}],"replies":[{"embeddable":true,"href":"https:\/\/pdt-rj.org.br\/index.php\/wp-json\/wp\/v2\/comments?post=78512"}],"version-history":[{"count":5,"href":"https:\/\/pdt-rj.org.br\/index.php\/wp-json\/wp\/v2\/posts\/78512\/revisions"}],"predecessor-version":[{"id":78588,"href":"https:\/\/pdt-rj.org.br\/index.php\/wp-json\/wp\/v2\/posts\/78512\/revisions\/78588"}],"wp:featuredmedia":[{"embeddable":true,"href":"https:\/\/pdt-rj.org.br\/index.php\/wp-json\/wp\/v2\/media\/78517"}],"wp:attachment":[{"href":"https:\/\/pdt-rj.org.br\/index.php\/wp-json\/wp\/v2\/media?parent=78512"}],"wp:term":[{"taxonomy":"category","embeddable":true,"href":"https:\/\/pdt-rj.org.br\/index.php\/wp-json\/wp\/v2\/categories?post=78512"},{"taxonomy":"post_tag","embeddable":true,"href":"https:\/\/pdt-rj.org.br\/index.php\/wp-json\/wp\/v2\/tags?post=78512"}],"curies":[{"name":"wp","href":"https:\/\/api.w.org\/{rel}","templated":true}]}}