{"id":78504,"date":"2021-06-11T23:29:26","date_gmt":"2021-06-12T02:29:26","guid":{"rendered":"http:\/\/pdt-rj.org.br\/?p=78504"},"modified":"2021-06-11T23:29:26","modified_gmt":"2021-06-12T02:29:26","slug":"fundador-do-pdt-e-da-juventude-socialista-antonio-cesar-morre-aos-66-anos-no-rio-de-janeiro","status":"publish","type":"post","link":"https:\/\/pdt-rj.org.br\/index.php\/fundador-do-pdt-e-da-juventude-socialista-antonio-cesar-morre-aos-66-anos-no-rio-de-janeiro\/","title":{"rendered":"Fundador do PDT e da Juventude Socialista, Ant\u00f4nio C\u00e9sar morre aos 66 anos no Rio de Janeiro"},"content":{"rendered":"<div class=\"msg-body P_wpofO mq_AS\" data-test-id=\"message-view-body-content\">\n<div class=\"jb_0 X_6MGW N_6Fd5\">\n<div id=\"yiv0315396373\">\n<div dir=\"ltr\">\n<p class=\"yiv0315396373MsoNormal\"><em><b>Com carreira no setor p\u00fablico, economista militou ao lado de Leonel Brizola na defesa do trabalhismo<\/b><\/em><\/p>\n<p class=\"yiv0315396373MsoNormal\">\n<p class=\"yiv0315396373MsoNormal\">O PDT e a Juventude Socialista (JS) perderam um dos seus hist\u00f3ricos fundadores. O economista Ant\u00f4nio C\u00e9sar do Amaral, de 66 anos, faleceu na madrugada desta sexta-feira (11), no Rio de Janeiro, v\u00edtima de infarto.<\/p>\n<p class=\"yiv0315396373MsoNormal\">Com carreira consolidada no setor p\u00fablico, o militante fluminense atuou ao lado de Leonel Brizola na defesa do trabalhismo desde a d\u00e9cada de 80, quando o partido governou o estado em duas oportunidades: de 1983 a 1987 e de 1991 a 1994.<\/p>\n<p class=\"yiv0315396373MsoNormal\">Nas gest\u00f5es pedetistas, se destacou, principalmente, como diretor de Administra\u00e7\u00e3o de Finan\u00e7as da Superintend\u00eancia Estadual de Rios e Lagoas (SERLA), atual Instituto Estadual do Ambiente (INEA).<\/p>\n<p class=\"yiv0315396373MsoNormal\">Como assessor, trabalhou na lideran\u00e7a do partido na Assembleia Legislativa do Estado do Rio de Janeiro (Alerj) e nos mandatos de deputados, al\u00e9m da passagem pela C\u00e2mara de Vereadores da capital.<\/p>\n<p class=\"yiv0315396373MsoNormal\">O presidente nacional do partido, Carlos Lupi, valorizou a trajet\u00f3ria pol\u00edtica de mais de quatro d\u00e9cadas do pedetista.<\/p>\n<p class=\"yiv0315396373MsoNormal\">\u201cPerdemos um representativo quadro que militou incansavelmente desde a cria\u00e7\u00e3o do PDT. Com esses exemplos, seguiremos defendendo as nossas bandeiras em prol da emancipa\u00e7\u00e3o do povo brasileiro\u201d, afirmou, ao prestar condol\u00eancias \u00e0 fam\u00edlia e amigos.<\/p>\n<p class=\"yiv0315396373MsoNormal\">Presidente da JS, William Rodrigues salientou o perfil \u201ccombativo\u201d de Ant\u00f4nio C\u00e9sar no dia a dia da sigla.<\/p>\n<p class=\"yiv0315396373MsoNormal\">\u201cAl\u00e9m de fundador da Juventude Socialista, sempre foi um militante apaixonado e generoso nos caminhos democr\u00e1ticos. Uma perda para todos n\u00f3s. Seguimos em luta por ele e pelo Brasil\u201d, disse.<\/p>\n<p class=\"yiv0315396373MsoNormal\">O vel\u00f3rio ser\u00e1 realizado neste s\u00e1bado (12), \u00e0s 13h, no Cemit\u00e9rio S\u00e3o Francisco Xavier, que fica localizado na Rua Monsenhor Manuel Gomes, 311, no Caju, Zona Norte do Rio.<\/p>\n<\/div>\n<\/div>\n<\/div>\n<\/div>\n<div class=\"jb_0 X_6MGW N_6Fd5\">\n<div class=\"P_0 je_fq7\"><\/div>\n<\/div>\n<!-- AddThis Advanced Settings generic via filter on the_content --><!-- AddThis Share Buttons generic via filter on the_content -->","protected":false},"excerpt":{"rendered":"<p>Com carreira no setor p\u00fablico, economista militou ao lado de Leonel Brizola na defesa do trabalhismo O PDT e a Juventude Socialista (JS) perderam um dos seus hist\u00f3ricos fundadores. O economista Ant\u00f4nio C\u00e9sar do Amaral, de 66 anos, faleceu na madrugada desta sexta-feira (11), no Rio de Janeiro, v\u00edtima de infarto. Com carreira consolidada no&#8230;<!-- AddThis Advanced Settings generic via filter on wp_trim_excerpt --><!-- AddThis Share Buttons generic via filter on wp_trim_excerpt --><\/p>\n","protected":false},"author":17,"featured_media":78505,"comment_status":"closed","ping_status":"closed","sticky":false,"template":"","format":"standard","meta":{"_monsterinsights_skip_tracking":false,"_monsterinsights_sitenote_active":false,"_monsterinsights_sitenote_note":"","_monsterinsights_sitenote_category":0,"_uf_show_specific_survey":0,"_uf_disable_surveys":false,"footnotes":""},"categories":[1390],"tags":[],"class_list":["post-78504","post","type-post","status-publish","format-standard","has-post-thumbnail","hentry","category-editorias"],"acf":[],"_links":{"self":[{"href":"https:\/\/pdt-rj.org.br\/index.php\/wp-json\/wp\/v2\/posts\/78504","targetHints":{"allow":["GET"]}}],"collection":[{"href":"https:\/\/pdt-rj.org.br\/index.php\/wp-json\/wp\/v2\/posts"}],"about":[{"href":"https:\/\/pdt-rj.org.br\/index.php\/wp-json\/wp\/v2\/types\/post"}],"author":[{"embeddable":true,"href":"https:\/\/pdt-rj.org.br\/index.php\/wp-json\/wp\/v2\/users\/17"}],"replies":[{"embeddable":true,"href":"https:\/\/pdt-rj.org.br\/index.php\/wp-json\/wp\/v2\/comments?post=78504"}],"version-history":[{"count":1,"href":"https:\/\/pdt-rj.org.br\/index.php\/wp-json\/wp\/v2\/posts\/78504\/revisions"}],"predecessor-version":[{"id":78506,"href":"https:\/\/pdt-rj.org.br\/index.php\/wp-json\/wp\/v2\/posts\/78504\/revisions\/78506"}],"wp:featuredmedia":[{"embeddable":true,"href":"https:\/\/pdt-rj.org.br\/index.php\/wp-json\/wp\/v2\/media\/78505"}],"wp:attachment":[{"href":"https:\/\/pdt-rj.org.br\/index.php\/wp-json\/wp\/v2\/media?parent=78504"}],"wp:term":[{"taxonomy":"category","embeddable":true,"href":"https:\/\/pdt-rj.org.br\/index.php\/wp-json\/wp\/v2\/categories?post=78504"},{"taxonomy":"post_tag","embeddable":true,"href":"https:\/\/pdt-rj.org.br\/index.php\/wp-json\/wp\/v2\/tags?post=78504"}],"curies":[{"name":"wp","href":"https:\/\/api.w.org\/{rel}","templated":true}]}}