{"id":78497,"date":"2021-06-10T22:24:01","date_gmt":"2021-06-11T01:24:01","guid":{"rendered":"http:\/\/pdt-rj.org.br\/?p=78497"},"modified":"2021-06-10T22:37:09","modified_gmt":"2021-06-11T01:37:09","slug":"pdt-reconhece-vitoria-de-pedro-castillo-na-eleicao-presidencial-do-peru","status":"publish","type":"post","link":"https:\/\/pdt-rj.org.br\/index.php\/pdt-reconhece-vitoria-de-pedro-castillo-na-eleicao-presidencial-do-peru\/","title":{"rendered":"PDT reconhece vit\u00f3ria de Pedro Castillo na elei\u00e7\u00e3o presidencial do Peru"},"content":{"rendered":"<div class=\"msg-body P_wpofO mq_AS\" data-test-id=\"message-view-body-content\">\n<div class=\"jb_0 X_6MGW N_6Fd5\">\n<div id=\"yiv5317184555\">\n<div dir=\"ltr\">\n<p class=\"yiv5317184555MsoNormal\"><em><strong>Em carta assinada por Lupi, partido cita comprometimento do novo presidente com pautas populares<\/strong><\/em><\/p>\n<p class=\"yiv5317184555MsoNormal\">O PDT reconheceu a vit\u00f3ria de Pedro Castillo na elei\u00e7\u00e3o presidencial promovida no Peru, no \u00faltimo domingo (6). A posi\u00e7\u00e3o foi oficializada, nesta quinta-feira (10), atrav\u00e9s de carta assinada pelo presidente nacional da sigla brasileira, Carlos Lupi.<\/p>\n<p class=\"yiv5317184555MsoNormal\">\u201cPor uma Am\u00e9rica Latina livre, unida, justa, soberana e democr\u00e1tica!\u201d, destacou a lideran\u00e7a pedetista ao indicar que a conquista simboliza a tend\u00eancia de retomada do perfil democr\u00e1tico no continente. Ap\u00f3s disputa acirrada contra Keiko Fujimori, a previs\u00e3o \u00e9 de que Castillo, do partido Per\u00fa Libre, tome posse em 28 de julho.<\/p>\n<p class=\"yiv5317184555MsoNormal\">Exaltando o hist\u00f3rico de compromissos populares, principalmente com a educa\u00e7\u00e3o e o bem-estar social, Lupi tamb\u00e9m sinalizou para a possibilidade de alian\u00e7a para fortalecer projetos de desenvolvimento, como o liderado pelo presidenci\u00e1vel do PDT, Ciro Gomes, no Brasil.<\/p>\n<p class=\"yiv5317184555MsoNormal\">\u201cEstaremos sempre dispostos a nos aliar com aqueles que enxergam o poder de uni\u00e3o das Am\u00e9ricas para avan\u00e7ar nas conquistas sociais\u201d, afirmou.<\/p>\n<p class=\"yiv5317184555MsoNormal\"><strong>Confira abaixo a \u00edntegra do documento:<\/strong><\/p>\n<p class=\"yiv5317184555MsoNormal\"><i>Excelent\u00edssimo Presidente eleito do Peru<\/i><\/p>\n<p class=\"yiv5317184555MsoNormal\"><i>\u00a0<\/i><i>Pedro Castillo<\/i><\/p>\n<p class=\"yiv5317184555MsoNormal\"><i>\u00a0<\/i><i>\u00c9 com grande alegria que parabenizo o companheiro por sua vit\u00f3ria nas elei\u00e7\u00f5es gerais do Peru de 2021. Seu hist\u00f3rico de compromissos com a educa\u00e7\u00e3o, os mais humildes e com o desenvolvimento dos nossos irm\u00e3os peruanos traz de volta \u00e0s Am\u00e9ricas o vento\u00a0<\/i><i>democr\u00e1tico necess\u00e1rio para nos colocar no caminho das liberdades representativas.<\/i><\/p>\n<p class=\"yiv5317184555MsoNormal\"><i>\u00a0<\/i><i>Portanto enxergue em n\u00f3s, do Partido Democr\u00e1tico Trabalhista (PDT), parceiros nesta nova fase que viver\u00e1 o povo peruano atrav\u00e9s do seu projeto de governo, e estaremos sempre dispostos a nos aliar com aqueles que enxergam o poder de uni\u00e3o das Am\u00e9ricas para avan\u00e7ar nas conquistas sociais e no bem-estar de nosso povo atrav\u00e9s da democracia e da defesa das nossas garantias.<\/i><\/p>\n<p class=\"yiv5317184555MsoNormal\"><i>\u00a0<\/i><i>Estendemos nossos cumprimentos ao Partido Per\u00fa Libre que sintetizou, e a partir de hoje\u00a0<\/i><i>carrega os anseios de transforma\u00e7\u00e3o e de justi\u00e7a de milh\u00f5es de peruanas e peruanos por\u00a0<\/i><i>um projeto de pa\u00eds diferente das receitas neoliberais.<\/i><\/p>\n<p class=\"yiv5317184555MsoNormal\"><i>\u00a0<\/i><i>Sauda\u00e7\u00f5es!<\/i><\/p>\n<p class=\"yiv5317184555MsoNormal\"><i>\u00a0<\/i><i>Por uma Am\u00e9rica Latina livre, unida, justa, soberana e democr\u00e1tica!<\/i><\/p>\n<p class=\"yiv5317184555MsoNormal\" style=\"text-align: center;\"><i>Carlos Lupi<\/i><\/p>\n<p class=\"yiv5317184555MsoNormal\" style=\"text-align: center;\"><i>Presidente Nacional do Partido Democr\u00e1tico Trabalhista<\/i><\/p>\n<\/div>\n<\/div>\n<\/div>\n<\/div>\n<div class=\"jb_0 X_6MGW N_6Fd5\">\n<div class=\"P_0 je_fq7\"><\/div>\n<\/div>\n<!-- AddThis Advanced Settings generic via filter on the_content --><!-- AddThis Share Buttons generic via filter on the_content -->","protected":false},"excerpt":{"rendered":"<p>Em carta assinada por Lupi, partido cita comprometimento do novo presidente com pautas populares O PDT reconheceu a vit\u00f3ria de Pedro Castillo na elei\u00e7\u00e3o presidencial promovida no Peru, no \u00faltimo domingo (6). A posi\u00e7\u00e3o foi oficializada, nesta quinta-feira (10), atrav\u00e9s de carta assinada pelo presidente nacional da sigla brasileira, Carlos Lupi. \u201cPor uma Am\u00e9rica Latina&#8230;<!-- AddThis Advanced Settings generic via filter on wp_trim_excerpt --><!-- AddThis Share Buttons generic via filter on wp_trim_excerpt --><\/p>\n","protected":false},"author":17,"featured_media":78498,"comment_status":"closed","ping_status":"closed","sticky":false,"template":"","format":"standard","meta":{"_monsterinsights_skip_tracking":false,"_monsterinsights_sitenote_active":false,"_monsterinsights_sitenote_note":"","_monsterinsights_sitenote_category":0,"_uf_show_specific_survey":0,"_uf_disable_surveys":false,"footnotes":""},"categories":[3030,976],"tags":[4866],"class_list":["post-78497","post","type-post","status-publish","format-standard","has-post-thumbnail","hentry","category-internacional","category-noticias-em-destaque","tag-pedro-castillo"],"acf":[],"_links":{"self":[{"href":"https:\/\/pdt-rj.org.br\/index.php\/wp-json\/wp\/v2\/posts\/78497","targetHints":{"allow":["GET"]}}],"collection":[{"href":"https:\/\/pdt-rj.org.br\/index.php\/wp-json\/wp\/v2\/posts"}],"about":[{"href":"https:\/\/pdt-rj.org.br\/index.php\/wp-json\/wp\/v2\/types\/post"}],"author":[{"embeddable":true,"href":"https:\/\/pdt-rj.org.br\/index.php\/wp-json\/wp\/v2\/users\/17"}],"replies":[{"embeddable":true,"href":"https:\/\/pdt-rj.org.br\/index.php\/wp-json\/wp\/v2\/comments?post=78497"}],"version-history":[{"count":2,"href":"https:\/\/pdt-rj.org.br\/index.php\/wp-json\/wp\/v2\/posts\/78497\/revisions"}],"predecessor-version":[{"id":78500,"href":"https:\/\/pdt-rj.org.br\/index.php\/wp-json\/wp\/v2\/posts\/78497\/revisions\/78500"}],"wp:featuredmedia":[{"embeddable":true,"href":"https:\/\/pdt-rj.org.br\/index.php\/wp-json\/wp\/v2\/media\/78498"}],"wp:attachment":[{"href":"https:\/\/pdt-rj.org.br\/index.php\/wp-json\/wp\/v2\/media?parent=78497"}],"wp:term":[{"taxonomy":"category","embeddable":true,"href":"https:\/\/pdt-rj.org.br\/index.php\/wp-json\/wp\/v2\/categories?post=78497"},{"taxonomy":"post_tag","embeddable":true,"href":"https:\/\/pdt-rj.org.br\/index.php\/wp-json\/wp\/v2\/tags?post=78497"}],"curies":[{"name":"wp","href":"https:\/\/api.w.org\/{rel}","templated":true}]}}