{"id":78484,"date":"2021-06-10T15:06:53","date_gmt":"2021-06-10T18:06:53","guid":{"rendered":"http:\/\/pdt-rj.org.br\/?p=78484"},"modified":"2021-06-16T00:43:07","modified_gmt":"2021-06-16T03:43:07","slug":"pdt-quer-que-atos-antidemocraticos-sejam-julgados","status":"publish","type":"post","link":"https:\/\/pdt-rj.org.br\/index.php\/pdt-quer-que-atos-antidemocraticos-sejam-julgados\/","title":{"rendered":"PDT quer que atos antidemocr\u00e1ticos sejam julgados"},"content":{"rendered":"<h3><em>Partido pede que PGR revogue pedido de arquivamento de inqu\u00e9rito contra parlamentares bolsonaristas<\/em><\/h3>\n<p>&nbsp;<\/p>\n<p>O PDT entrou com uma representa\u00e7\u00e3o na Procuradoria-Geral da Rep\u00fablica (PGR), nesta quarta-feira (9), pedindo que o ministro Augusto Aras reconsidere o pedido de arquivamento do inqu\u00e9rito que investiga a participa\u00e7\u00e3o \u2013 financiamento e promo\u00e7\u00e3o \u2013 de parlamentares bolsonaristas em atos antidemocr\u00e1ticos realizados no primeiro semestre de 2020.<\/p>\n<p>O parecer que pede o arquivamento do inqu\u00e9rito \u00e9 de autoria do vice-procurador-geral da Rep\u00fablica, Humberto Jacques de Medeiros. Ele alega a exist\u00eancia de diversas falhas na condu\u00e7\u00e3o das investiga\u00e7\u00f5es por parte da Pol\u00edcia Federal como um dos motivos do pedido.<\/p>\n<p>De acordo com o documento protocolado pelo PDT, em se tratando das falhas da investiga\u00e7\u00e3o, seria poss\u00edvel promover a \u201crealiza\u00e7\u00e3o de dilig\u00eancias complementares ou direcionar os rumos da investiga\u00e7\u00e3o\u201d ao inv\u00e9s de pedir o seu arquivamento.<\/p>\n<p>Outro motivo alegado pela PGR para o pedido de arquiamento diz respeito a Lei de Seguran\u00e7a Nacional \u2013 Lei n\u00ba 7.170\/1983 \u2013, na qual se enquadraram os atos cometidos pelos parlamentares. De acordo com Humberto Medeiros, por ser objeto de altera\u00e7\u00e3o legislativa, \u201ca tend\u00eancia \u00e9 que dispositivos da atual Lei de Seguran\u00e7a Nacional aplic\u00e1veis aos fatos investigados nesse inqu\u00e9rito sejam revogados antes do fim desta investiga\u00e7\u00e3o, tornando-a in\u00f3cua\u201d.<\/p>\n<p>O PDT contesta o argumento do vice-procurador-geral: \u201cAinda que o referido diploma legal seja extirpado do Ordenamento Jur\u00eddico, seja pela via do Poder Legislativo ou do Poder Judici\u00e1rio, a legisla\u00e7\u00e3o ainda est\u00e1 em vigor e os fatos criminosos objeto de investiga\u00e7\u00e3o foram praticados \u00e0s esc\u00e2ncaras, com ampla divulga\u00e7\u00e3o nas redes sociais\u201d.<\/p>\n<p>A representa\u00e7\u00e3o aponta ainda para a gravidade dos atos cometidos pelos parlamentares que tinham como objetivo \u201cesfacelar\u201d o Estado Democr\u00e1tico de Direito e, principalmente, a \u201ccl\u00e1usula p\u00e9trea do dogma da separa\u00e7\u00e3o dos poderes\u201d, em flagrante atentado \u00e0 Constitui\u00e7\u00e3o Federal.<\/p>\n<p>Confira o documento abaixo.<\/p>\n<p><a href=\"http:\/\/pdt-rj.org.br\/wp-content\/uploads\/2021\/06\/REPRESENTACAO.MP_.ARQUIVAMENTO.DEPUTADOS.pdf\">REPRESENTACAO<\/a><\/p>\n<!-- AddThis Advanced Settings generic via filter on the_content --><!-- AddThis Share Buttons generic via filter on the_content -->","protected":false},"excerpt":{"rendered":"<p>Partido pede que PGR revogue pedido de arquivamento de inqu\u00e9rito contra parlamentares bolsonaristas &nbsp; O PDT entrou com uma representa\u00e7\u00e3o na Procuradoria-Geral da Rep\u00fablica (PGR), nesta quarta-feira (9), pedindo que o ministro Augusto Aras reconsidere o pedido de arquivamento do inqu\u00e9rito que investiga a participa\u00e7\u00e3o \u2013 financiamento e promo\u00e7\u00e3o \u2013 de parlamentares bolsonaristas em atos&#8230;<!-- AddThis Advanced Settings generic via filter on wp_trim_excerpt --><!-- AddThis Share Buttons generic via filter on wp_trim_excerpt --><\/p>\n","protected":false},"author":17,"featured_media":69747,"comment_status":"closed","ping_status":"closed","sticky":false,"template":"","format":"standard","meta":{"_monsterinsights_skip_tracking":false,"_monsterinsights_sitenote_active":false,"_monsterinsights_sitenote_note":"","_monsterinsights_sitenote_category":0,"_uf_show_specific_survey":0,"_uf_disable_surveys":false,"footnotes":""},"categories":[1390],"tags":[3594],"class_list":["post-78484","post","type-post","status-publish","format-standard","has-post-thumbnail","hentry","category-editorias","tag-pgr"],"acf":[],"_links":{"self":[{"href":"https:\/\/pdt-rj.org.br\/index.php\/wp-json\/wp\/v2\/posts\/78484","targetHints":{"allow":["GET"]}}],"collection":[{"href":"https:\/\/pdt-rj.org.br\/index.php\/wp-json\/wp\/v2\/posts"}],"about":[{"href":"https:\/\/pdt-rj.org.br\/index.php\/wp-json\/wp\/v2\/types\/post"}],"author":[{"embeddable":true,"href":"https:\/\/pdt-rj.org.br\/index.php\/wp-json\/wp\/v2\/users\/17"}],"replies":[{"embeddable":true,"href":"https:\/\/pdt-rj.org.br\/index.php\/wp-json\/wp\/v2\/comments?post=78484"}],"version-history":[{"count":2,"href":"https:\/\/pdt-rj.org.br\/index.php\/wp-json\/wp\/v2\/posts\/78484\/revisions"}],"predecessor-version":[{"id":78535,"href":"https:\/\/pdt-rj.org.br\/index.php\/wp-json\/wp\/v2\/posts\/78484\/revisions\/78535"}],"wp:featuredmedia":[{"embeddable":true,"href":"https:\/\/pdt-rj.org.br\/index.php\/wp-json\/wp\/v2\/media\/69747"}],"wp:attachment":[{"href":"https:\/\/pdt-rj.org.br\/index.php\/wp-json\/wp\/v2\/media?parent=78484"}],"wp:term":[{"taxonomy":"category","embeddable":true,"href":"https:\/\/pdt-rj.org.br\/index.php\/wp-json\/wp\/v2\/categories?post=78484"},{"taxonomy":"post_tag","embeddable":true,"href":"https:\/\/pdt-rj.org.br\/index.php\/wp-json\/wp\/v2\/tags?post=78484"}],"curies":[{"name":"wp","href":"https:\/\/api.w.org\/{rel}","templated":true}]}}