{"id":78473,"date":"2021-06-10T11:55:22","date_gmt":"2021-06-10T14:55:22","guid":{"rendered":"http:\/\/pdt-rj.org.br\/?p=78473"},"modified":"2021-06-10T11:55:22","modified_gmt":"2021-06-10T14:55:22","slug":"em-niteroi-rj-axel-grael-participa-de-entrega-de-escolas-reformadas-para-volta-as-aulas","status":"publish","type":"post","link":"https:\/\/pdt-rj.org.br\/index.php\/em-niteroi-rj-axel-grael-participa-de-entrega-de-escolas-reformadas-para-volta-as-aulas\/","title":{"rendered":"Em Niter\u00f3i (RJ), Axel Grael participa de entrega de escolas reformadas para volta \u00e0s aulas"},"content":{"rendered":"<p data-raofz=\"15\">Sob a gest\u00e3o do prefeito de Niter\u00f3i (RJ), Axel Grael (PDT), a reforma geral da Unidade Municipal de Educa\u00e7\u00e3o Infantil (Umei) Professora Margareth Flores, em S\u00e3o Francisco, bairro cidade, foi entregue na manh\u00e3 dessa quarta-feira (9). A unidade ganhou novo p\u00e1tio para as crian\u00e7as, quadra e passou por obras de reforma interna e externa dos ambientes.<\/p>\n<p data-raofz=\"15\">De acordo com a Secretaria Municipal de Educa\u00e7\u00e3o e a Funda\u00e7\u00e3o Municipal de Educa\u00e7\u00e3o, a moderniza\u00e7\u00e3o da rede \u00e9 uma das prioridades da gest\u00e3o e a reforma geral desta unidade faz parte da meta de 100 dias.<\/p>\n<p data-raofz=\"15\">Axel Grael, que esteve presente na entrega da unidade, falou sobre a import\u00e2ncia do espa\u00e7o escolar e da responsabilidade da administra\u00e7\u00e3o para a retomada das atividades presenciais nas escolas da rede municipal.<\/p>\n<p data-raofz=\"15\">\u201cFico emocionado ao ver uma escola conectada com a comunidade, que tem sensibilidade e busca inspira\u00e7\u00e3o e moderniza\u00e7\u00e3o com os investimentos que foram feitos. Estamos vivendo um momento dif\u00edcil que exige muito cuidado e responsabilidade com os profissionais e com esses alunos. Temos visto muitos artigos publicados sobre o preju\u00edzo das crian\u00e7as por estarem longe da escola. Precisamos, mais do que nunca, arrega\u00e7ar as mangas e trabalhar pelas futuras gera\u00e7\u00f5es, para que logo as crian\u00e7as possam ocupar esse espa\u00e7o que \u00e9 delas\u201d, afirmou o prefeito.<\/p>\n<p data-raofz=\"15\">O secret\u00e1rio municipal de Educa\u00e7\u00e3o, Vinicius Wu, enfatizou que Niter\u00f3i tem uma rede de escolas acima da m\u00e9dia dos outros munic\u00edpios, com unidades de alto padr\u00e3o e infraestrutura qualificada. Al\u00e9m de dar continuidade \u00e0s obras, ele contou que a secretaria est\u00e1 adotando a\u00e7\u00f5es para melhorar a qualidade do ensino no munic\u00edpio.<\/p>\n<p data-raofz=\"15\">\u201cNosso grande desafio \u00e9 a melhoria dos processos de aprendizagem e a eleva\u00e7\u00e3o da qualidade da educa\u00e7\u00e3o associada ao enfrentamento dos efeitos da pandemia sobre a escola. Nossos profissionais fizeram um trabalho brilhante durante o ano passado e temos certeza que vamos superar os imensos desafios que temos pela frente. Nosso compromisso \u00e9 com o futuro da educa\u00e7\u00e3o p\u00fablica\u201d, afirmou o secret\u00e1rio.<\/p>\n<p data-raofz=\"15\">O presidente da FME, Fernando Cruz, ressaltou que diversas unidades est\u00e3o passando por obras desde o in\u00edcio do ano para a moderniza\u00e7\u00e3o e adequa\u00e7\u00e3o da infraestrutura da rede. As Umei\u2019s Professora Margareth Flores (S\u00e3o Francisco), Lizete Fernandes Maciel (Jacar\u00e9) e E.M. Vila Costa Monteiro (Ititioca) passaram pelo processo de reforma geral e foram inclu\u00eddas na meta de 100 dias do governo.<\/p>\n<p data-raofz=\"15\">\u201cEstamos trabalhando intensamente para modernizar a rede e elevar a qualidade da infraestrutura de todas as unidades. S\u00e3o obras de reforma e manuten\u00e7\u00e3o dos espa\u00e7os que visam oferecer qualidade de trabalho para os professores e de aprendizagem para os alunos\u201d, completou.<\/p>\n<p>A reinaugura\u00e7\u00e3o contou com a apresenta\u00e7\u00e3o das professoras Valeria Custodio e Diana Pazzini, que cantaram uma m\u00fasica composta por elas, em homenagem \u00e0 patrona da unidade. Tamb\u00e9m foi realizada uma homenagem ao jovem Dyogo Costa Xavier de Brito, de 16 anos, morador da comunidade da Grota do Surucucu, que morreu durante uma opera\u00e7\u00e3o policial. O retrato do adolescente foi pintado no muro como forma de aproximar e reconhecer a unidade como integrante da comunidade.<\/p>\n<p data-raofz=\"15\">A diretora geral da Umei Margareth Flores, Val\u00e9ria Ferreira Lopes Antunes, disse que as interven\u00e7\u00f5es eram esperadas por toda a comunidade escolar. A unidade atende aproximadamente 100 crian\u00e7as de 4 meses at\u00e9 5 anos e 11 meses. Com o espa\u00e7o f\u00edsico fechado por conta das obras e da pandemia, a escola deve reabrir para o ensino h\u00edbrido nas pr\u00f3ximas semanas.<\/p>\n<p>\u201cEu tenho muito orgulho de pertencer a Rede Municipal de Niter\u00f3i. Mostramos as fotos de nossa unidade e muitos n\u00e3o acreditam que se trata de uma escola p\u00fablica e isso \u00e9 a valoriza\u00e7\u00e3o que o governo d\u00e1 a educa\u00e7\u00e3o na cidade. Nossa escola est\u00e1 muito mais alegre e as adequa\u00e7\u00f5es deram mais seguran\u00e7a aos alunos\u201d, completou.<\/p>\n<p data-raofz=\"15\">A Umei foi fundada em dezembro de 2012 e recebeu o nome da professora Margareth Flores que desenvolveu um importante trabalho na Educa\u00e7\u00e3o Infantil do munic\u00edpio. A unidade passou por reforma das paredes internas, pintura dos ambientes, ganhou novo piso externo, novos p\u00e1tios interno e externo para as crian\u00e7as brincarem, al\u00e9m de uma quadra. A parte el\u00e9trica tamb\u00e9m passou por interven\u00e7\u00f5es e as salas foram climatizadas.<\/p>\n<p data-raofz=\"15\">Desde o come\u00e7o do ano, est\u00e3o sendo realizadas obras de reforma e manuten\u00e7\u00e3o em diversas unidades. As interven\u00e7\u00f5es incluem pinturas dos ambientes internos e externos, podas, limpeza dos p\u00e1tios, trocas de portas e janelas, manuten\u00e7\u00e3o do telhado, constru\u00e7\u00e3o de p\u00e1tios e quadras, entre outras melhorias.<\/p>\n<!-- AddThis Advanced Settings generic via filter on the_content --><!-- AddThis Share Buttons generic via filter on the_content -->","protected":false},"excerpt":{"rendered":"<p>Sob a gest\u00e3o do prefeito de Niter\u00f3i (RJ), Axel Grael (PDT), a reforma geral da Unidade Municipal de Educa\u00e7\u00e3o Infantil (Umei) Professora Margareth Flores, em S\u00e3o Francisco, bairro cidade, foi entregue na manh\u00e3 dessa quarta-feira (9). A unidade ganhou novo p\u00e1tio para as crian\u00e7as, quadra e passou por obras de reforma interna e externa dos&#8230;<!-- AddThis Advanced Settings generic via filter on wp_trim_excerpt --><!-- AddThis Share Buttons generic via filter on wp_trim_excerpt --><\/p>\n","protected":false},"author":17,"featured_media":78476,"comment_status":"closed","ping_status":"closed","sticky":false,"template":"","format":"standard","meta":{"_monsterinsights_skip_tracking":false,"_monsterinsights_sitenote_active":false,"_monsterinsights_sitenote_note":"","_monsterinsights_sitenote_category":0,"_uf_show_specific_survey":0,"_uf_disable_surveys":false,"footnotes":""},"categories":[1390,1402],"tags":[4025,4545,4860],"class_list":["post-78473","post","type-post","status-publish","format-standard","has-post-thumbnail","hentry","category-editorias","category-cidades","tag-axel-grael","tag-prefeitura-de-niteroi-rj","tag-unidade-municipal-de-educacao-infantil"],"acf":[],"_links":{"self":[{"href":"https:\/\/pdt-rj.org.br\/index.php\/wp-json\/wp\/v2\/posts\/78473","targetHints":{"allow":["GET"]}}],"collection":[{"href":"https:\/\/pdt-rj.org.br\/index.php\/wp-json\/wp\/v2\/posts"}],"about":[{"href":"https:\/\/pdt-rj.org.br\/index.php\/wp-json\/wp\/v2\/types\/post"}],"author":[{"embeddable":true,"href":"https:\/\/pdt-rj.org.br\/index.php\/wp-json\/wp\/v2\/users\/17"}],"replies":[{"embeddable":true,"href":"https:\/\/pdt-rj.org.br\/index.php\/wp-json\/wp\/v2\/comments?post=78473"}],"version-history":[{"count":3,"href":"https:\/\/pdt-rj.org.br\/index.php\/wp-json\/wp\/v2\/posts\/78473\/revisions"}],"predecessor-version":[{"id":78477,"href":"https:\/\/pdt-rj.org.br\/index.php\/wp-json\/wp\/v2\/posts\/78473\/revisions\/78477"}],"wp:featuredmedia":[{"embeddable":true,"href":"https:\/\/pdt-rj.org.br\/index.php\/wp-json\/wp\/v2\/media\/78476"}],"wp:attachment":[{"href":"https:\/\/pdt-rj.org.br\/index.php\/wp-json\/wp\/v2\/media?parent=78473"}],"wp:term":[{"taxonomy":"category","embeddable":true,"href":"https:\/\/pdt-rj.org.br\/index.php\/wp-json\/wp\/v2\/categories?post=78473"},{"taxonomy":"post_tag","embeddable":true,"href":"https:\/\/pdt-rj.org.br\/index.php\/wp-json\/wp\/v2\/tags?post=78473"}],"curies":[{"name":"wp","href":"https:\/\/api.w.org\/{rel}","templated":true}]}}