{"id":78398,"date":"2021-06-04T21:19:14","date_gmt":"2021-06-05T00:19:14","guid":{"rendered":"http:\/\/pdt-rj.org.br\/?p=78398"},"modified":"2021-06-04T21:19:14","modified_gmt":"2021-06-05T00:19:14","slug":"ecotrabalhismo-lanca-cartilha-durante-live-com-liderancas-nacionais-do-pdt","status":"publish","type":"post","link":"https:\/\/pdt-rj.org.br\/index.php\/ecotrabalhismo-lanca-cartilha-durante-live-com-liderancas-nacionais-do-pdt\/","title":{"rendered":"Ecotrabalhismo lan\u00e7a cartilha durante live com lideran\u00e7as nacionais do PDT"},"content":{"rendered":"<p class=\"yiv4715299660MsoNormal\"><em><b>Produ\u00e7\u00e3o coletiva aprofunda a relev\u00e2ncia do meio ambiente a partir de 12 eixos fundamentais<\/b><\/em><\/p>\n<p class=\"yiv4715299660MsoNormal\">\n<p class=\"yiv4715299660MsoNormal\">O Ecotrabalhismo reuniu lideran\u00e7as nacionais do PDT, durante transmiss\u00e3o ao vivo nesta quarta-feira (3), para lan\u00e7ar a cartilha oficial do movimento.\u00a0 Entre os presentes no evento sobre meio ambiente, hist\u00f3ria e pol\u00edticas p\u00fablicas, o presidente nacional do partido, Carlos Lupi, e o pr\u00e9-candidato a presidente da Rep\u00fablica, Ciro Gomes.<\/p>\n<p class=\"yiv4715299660MsoNormal\">Produzido coletivamente, o documento de 160 p\u00e1ginas aprofunda a tem\u00e1tica a partir de 12 eixos: biodiversidade; reciclagem e res\u00edduos s\u00f3lidos; cidades sustent\u00e1veis; recursos h\u00eddricos; mudan\u00e7as clim\u00e1ticas; energias renov\u00e1veis; cidadania: produ\u00e7\u00e3o e consumo sustent\u00e1veis; educa\u00e7\u00e3o; agricultura familiar no Brasil; sa\u00fade e bem-estar; empregos verdes e agroecologia e a seguran\u00e7a alimentar da popula\u00e7\u00e3o.<\/p>\n<p class=\"yiv4715299660MsoNormal\">\u201cDesde a Carta de Lisboa, o trabalhismo tem uma marca clara de defesa do meio ambiente, do ecossistema e da Amaz\u00f4nia. [&#8230;] N\u00f3s fomos o primeiro partido a criar o movimento verde e sempre fomos vanguarda nessa \u00e1rea\u201d, afirmou Lupi.<\/p>\n<p class=\"yiv4715299660MsoNormal\">\u201cEssa \u00e9 uma atualiza\u00e7\u00e3o do nosso ide\u00e1rio de acordo com uma das quest\u00f5es mais urgentes do nosso tempo, que \u00e9 a preserva\u00e7\u00e3o do meio ambiente e, porque n\u00e3o dizer, da salva\u00e7\u00e3o do nosso planeta Terra\u201d, destacou Ciro, ao citar seu engajamento cont\u00ednuo e completar: \u201cEssa organiza\u00e7\u00e3o, em forma de movimento e de luta, se faz ainda mais urgente diante da destrui\u00e7\u00e3o corrupta, e sem precedentes, da floresta amaz\u00f4nica pelo governo Bolsonaro\u201d.<\/p>\n<p class=\"yiv4715299660MsoNormal\">Presidente Nacional do Ecotrabalhismo, Ivana Groff colocou a iniciativa como um ponto agregador e diferenciado para o PDT, que apresenta um olhar voltado para a responsabilidade e a educa\u00e7\u00e3o ambiental.<\/p>\n<p class=\"yiv4715299660MsoNormal\">\u201cEsse trabalho foi muito bem realizado e que todo mundo aproveite. Turma boa, para as elei\u00e7\u00f5es, ser\u00e1 o nosso PND (Projeto Nacional de Desenvolvimento), com \u2018s\u2019 de sustentabilidade para a campanha do Ciro em 2022\u201d, disse, ao exaltar a parceria com o seu vice-presidente, Everton Gomes.<\/p>\n<p class=\"yiv4715299660MsoNormal\">\u201cNada mais atual do que n\u00f3s pensarmos numa agenda que garanta um equil\u00edbrio entre o homem e a natureza. Compreender que o homem tamb\u00e9m faz parte da natureza. Durante muitos s\u00e9culos, o nosso desenvolvimento acabou gerando um certo distanciamento\u201d, explicou Eveton.<\/p>\n<p class=\"yiv4715299660MsoNormal\">Origem<\/p>\n<p class=\"yiv4715299660MsoNormal\">Juliana Brizola, deputada estadual pelo PDT no Rio Grande do Sul, relembrou do protagonismo fomentado pelo seu av\u00f4 Leonel Brizola, que \u00e9 presidente de honra da sigla, na promo\u00e7\u00e3o do tema no pa\u00eds.<\/p>\n<p class=\"yiv4715299660MsoNormal\">\u201cBrizola era um homem com uma vis\u00e3o muito al\u00e9m do seu tempo. Muitas das coisas que a gente ouve hoje, que ele falou, s\u00e3o extremamente atuais. E ainda na funda\u00e7\u00e3o do nosso partido, h\u00e1 41 anos atr\u00e1s, ele j\u00e1 falava da quest\u00e3o ambiental e marcava territ\u00f3rio\u201d, comentou, ao citar as pol\u00edticas p\u00fablicas e eventos nas gest\u00f5es do governo do estado do Rio de Janeiro, como a Confer\u00eancia das Na\u00e7\u00f5es Unidas sobre o Meio Ambiente e o Desenvolvimento (Eco-92).<\/p>\n<p class=\"yiv4715299660MsoNormal\">Nelton Friedrich, vice-presidente de honra do movimento e ex-deputado federal, ratificou o contexto hist\u00f3rico ao explicar a intr\u00ednseca rela\u00e7\u00e3o da pauta ambiental com o ide\u00e1rio pedetista.<\/p>\n<p class=\"yiv4715299660MsoNormal\">\u201cA perenidade do trabalhismo brasileiro est\u00e1 exatamente em ser um partido com causa, n\u00e3o \u00e9 uma casualidade moment\u00e2nea de interesse eleitoral ou pessoal. [&#8230;] Essa causa de transforma\u00e7\u00e3o com um projeto nacional, de Brasil, que trouxe o trabalhismo para a centralidade de pol\u00edticas p\u00fablicas como a de Get\u00falio [Vargas]\u201d, salientou.<\/p>\n<p class=\"yiv4715299660MsoNormal\">O deputado estadual Goura (PDT\/PR), que \u00e9 presidente da Comiss\u00e3o de Meio Ambiente, Ecologia e Prote\u00e7\u00e3o aos Animais da Assembleia paranaense, fez quest\u00e3o de mencionar a \u00eanfase dada pelos fundadores do partido, desde o estatuto, bem como nos planos com Ciro.<\/p>\n<p class=\"yiv4715299660MsoNormal\">\u201cO PDT, l\u00e1 atr\u00e1s, j\u00e1 tinha essa preocupa\u00e7\u00e3o com o meio ambiente. N\u00f3s, aqui, reafirmamos isso com os nossos mandatos e movimentos para que o Projeto Nacional de Desenvolvimento caminhe para reduzir as desigualdades, existentes em todo o pa\u00eds, junto com as pautas urgentes das mudan\u00e7as clim\u00e1ticas, do combate \u00e0 polui\u00e7\u00e3o, pela preserva\u00e7\u00e3o dos ambientes naturais, redu\u00e7\u00e3o de agrot\u00f3xicos e dos direitos humanos dos povos ind\u00edgenas e de todos os brasileiros\u201d, pontuou.<\/p>\n<p class=\"yiv4715299660MsoNormal\">Acesse a cartilha\u00a0<a href=\"https:\/\/drive.google.com\/file\/d\/1CuT14HPRwto4DXXHCjJXeKSab3qsFhVF\/view?fbclid=IwAR1KsWPDCpzPsZExizx8Fh3m2hgWNhTWzvWumadCErmMw-QcAoyFDg7XOLI\" target=\"_blank\" rel=\"nofollow noopener noreferrer\">aqui<\/a>.<\/p>\n<!-- AddThis Advanced Settings generic via filter on the_content --><!-- AddThis Share Buttons generic via filter on the_content -->","protected":false},"excerpt":{"rendered":"<p>Produ\u00e7\u00e3o coletiva aprofunda a relev\u00e2ncia do meio ambiente a partir de 12 eixos fundamentais O Ecotrabalhismo reuniu lideran\u00e7as nacionais do PDT, durante transmiss\u00e3o ao vivo nesta quarta-feira (3), para lan\u00e7ar a cartilha oficial do movimento.\u00a0 Entre os presentes no evento sobre meio ambiente, hist\u00f3ria e pol\u00edticas p\u00fablicas, o presidente nacional do partido, Carlos Lupi, e&#8230;<!-- AddThis Advanced Settings generic via filter on wp_trim_excerpt --><!-- AddThis Share Buttons generic via filter on wp_trim_excerpt --><\/p>\n","protected":false},"author":17,"featured_media":78400,"comment_status":"closed","ping_status":"closed","sticky":false,"template":"","format":"standard","meta":{"_monsterinsights_skip_tracking":false,"_monsterinsights_sitenote_active":false,"_monsterinsights_sitenote_note":"","_monsterinsights_sitenote_category":0,"_uf_show_specific_survey":0,"_uf_disable_surveys":false,"footnotes":""},"categories":[1390,3682,1397],"tags":[],"class_list":["post-78398","post","type-post","status-publish","format-standard","has-post-thumbnail","hentry","category-editorias","category-ecotrabalhismo","category-movimentos"],"acf":[],"_links":{"self":[{"href":"https:\/\/pdt-rj.org.br\/index.php\/wp-json\/wp\/v2\/posts\/78398","targetHints":{"allow":["GET"]}}],"collection":[{"href":"https:\/\/pdt-rj.org.br\/index.php\/wp-json\/wp\/v2\/posts"}],"about":[{"href":"https:\/\/pdt-rj.org.br\/index.php\/wp-json\/wp\/v2\/types\/post"}],"author":[{"embeddable":true,"href":"https:\/\/pdt-rj.org.br\/index.php\/wp-json\/wp\/v2\/users\/17"}],"replies":[{"embeddable":true,"href":"https:\/\/pdt-rj.org.br\/index.php\/wp-json\/wp\/v2\/comments?post=78398"}],"version-history":[{"count":1,"href":"https:\/\/pdt-rj.org.br\/index.php\/wp-json\/wp\/v2\/posts\/78398\/revisions"}],"predecessor-version":[{"id":78401,"href":"https:\/\/pdt-rj.org.br\/index.php\/wp-json\/wp\/v2\/posts\/78398\/revisions\/78401"}],"wp:featuredmedia":[{"embeddable":true,"href":"https:\/\/pdt-rj.org.br\/index.php\/wp-json\/wp\/v2\/media\/78400"}],"wp:attachment":[{"href":"https:\/\/pdt-rj.org.br\/index.php\/wp-json\/wp\/v2\/media?parent=78398"}],"wp:term":[{"taxonomy":"category","embeddable":true,"href":"https:\/\/pdt-rj.org.br\/index.php\/wp-json\/wp\/v2\/categories?post=78398"},{"taxonomy":"post_tag","embeddable":true,"href":"https:\/\/pdt-rj.org.br\/index.php\/wp-json\/wp\/v2\/tags?post=78398"}],"curies":[{"name":"wp","href":"https:\/\/api.w.org\/{rel}","templated":true}]}}