{"id":78394,"date":"2021-06-04T20:55:42","date_gmt":"2021-06-04T23:55:42","guid":{"rendered":"http:\/\/pdt-rj.org.br\/?p=78394"},"modified":"2021-06-09T20:17:52","modified_gmt":"2021-06-09T23:17:52","slug":"acao-da-mulher-trabalhista-40-anos-de-luta-pelos-direitos-e-protagonismo-da-mulher","status":"publish","type":"post","link":"https:\/\/pdt-rj.org.br\/index.php\/acao-da-mulher-trabalhista-40-anos-de-luta-pelos-direitos-e-protagonismo-da-mulher\/","title":{"rendered":"A\u00e7\u00e3o da Mulher Trabalhista &#8211; 40 anos de luta pelos direitos e protagonismo da mulher"},"content":{"rendered":"<p><em><strong>\u201cN\u00f3s todas somos parte de um coletivo que v\u00ea nas mulheres capacidade, intelig\u00eancia e compet\u00eancia&#8221;, ressaltou Miguelina Vecchio<\/strong><\/em><\/p>\n<p>A A\u00e7\u00e3o da Mulher Trabalhista (AMT) do PDT promoveu um evento para lembrar a hist\u00f3ria de luta contra o machismo, racismo, homofobia, lesbofobia, e a desigualdade g\u00eanero. A reuni\u00e3o, realizada nessa quinta-feira (3), foi presidida pela vice-presidente nacional do PDT e presidente nacional do movimento, Miguelina Vecchio, e teve a participa\u00e7\u00e3o do presidente nacional do PDT, Carlos Lupi, da senadora Izabel Allende do Chile, Elizabeth Villalba, do Partido Nuevo Espacio e Pia Locateli da Internacional Socialista de Mulheres, da deputada estadual Juliana Brizola e da vice-prefeita de Recife, Isabela Rold\u00e3o, al\u00e9m de outras lideran\u00e7as pedetistas.<\/p>\n<p>Durante o evento, a AMT ressaltou que em pleno s\u00e9culo XXI, de tantas transforma\u00e7\u00f5es cient\u00edficas, sociais e pol\u00edticas, ainda n\u00e3o vivemos rela\u00e7\u00f5es justas e enfrentamos tens\u00f5es entre cada g\u00eanero. Por isso, a AMT tem certeza da necessidade permanente de debates e a\u00e7\u00f5es para a constru\u00e7\u00e3o de uma sociedade igualit\u00e1ria e de respeito m\u00fatuo.<\/p>\n<p>Segundo Miguelina Vecchio, \u00e9 fundamental relembrar essa hist\u00f3ria de luta e manter uma agenda propositiva, que incentive novos comportamentos dos homens do partido e possibilidades para a quebra de paradigmas e fortalecimento das mulheres.<\/p>\n<p>\u201cN\u00f3s todas somos parte de um coletivo que v\u00ea nas mulheres capacidade, intelig\u00eancia e compet\u00eancia. \u00c9 por isso que estamos aqui, nessa data que \u00e9 emocionante para cada uma de n\u00f3s. Porque faz a gente lembrar de tudo que caminhamos e de tudo que ainda temos que caminhar. Feliz 40 anos de luta para cada uma de n\u00f3s\u201d destaca Miguelina Vecchio.<\/p>\n<p>Lupi ressaltou que grande \u00e9 a na\u00e7\u00e3o e o partido que tem mulheres em seu comando. A mulher tem mais sensibilidade, sinceridade e mais verdade. Parabenizou a vice-presidente da AMT, Miguelina Vecchio, pela resist\u00eancia e luta e agradeceu todas as mulheres que fazem parte dessa constru\u00e7\u00e3o do PDT.<\/p>\n<p>Tamb\u00e9m participaram do encontro, a vice-prefeita de Salvador, Ana Paula Matos, a vereadora Nina, de Natal, a vereadora Ana L\u00facia Rodrigues, de Maring\u00e1, a presidenta do PDT de Arambar\u00e9, Ida Machado, e contou com a participa\u00e7\u00e3o de toda Diretoria Executiva da AMT nacional e das presidentes Estaduais do Movimento e outras lideran\u00e7as.<\/p>\n<p>Confira <a href=\"https:\/\/www.facebook.com\/watch\/live\/?extid=CL-UNK-UNK-UNK-AN_GK0T-GK1C&amp;v=311384414053641&amp;ref=watch_permalink\">aqui<\/a> a \u00edntegra da live.<\/p>\n<!-- AddThis Advanced Settings generic via filter on the_content --><!-- AddThis Share Buttons generic via filter on the_content -->","protected":false},"excerpt":{"rendered":"<p>\u201cN\u00f3s todas somos parte de um coletivo que v\u00ea nas mulheres capacidade, intelig\u00eancia e compet\u00eancia&#8221;, ressaltou Miguelina Vecchio A A\u00e7\u00e3o da Mulher Trabalhista (AMT) do PDT promoveu um evento para lembrar a hist\u00f3ria de luta contra o machismo, racismo, homofobia, lesbofobia, e a desigualdade g\u00eanero. A reuni\u00e3o, realizada nessa quinta-feira (3), foi presidida pela vice-presidente&#8230;<!-- AddThis Advanced Settings generic via filter on wp_trim_excerpt --><!-- AddThis Share Buttons generic via filter on wp_trim_excerpt --><\/p>\n","protected":false},"author":17,"featured_media":78397,"comment_status":"closed","ping_status":"closed","sticky":false,"template":"","format":"standard","meta":{"_monsterinsights_skip_tracking":false,"_monsterinsights_sitenote_active":false,"_monsterinsights_sitenote_note":"","_monsterinsights_sitenote_category":0,"_uf_show_specific_survey":0,"_uf_disable_surveys":false,"footnotes":""},"categories":[1585,1390,1397,976],"tags":[111,196,510,614],"class_list":["post-78394","post","type-post","status-publish","format-standard","has-post-thumbnail","hentry","category-amt","category-editorias","category-movimentos","category-noticias-em-destaque","tag-amt","tag-carlos-lupi","tag-isabella-de-roldao","tag-miguelina-vecchio"],"acf":[],"_links":{"self":[{"href":"https:\/\/pdt-rj.org.br\/index.php\/wp-json\/wp\/v2\/posts\/78394","targetHints":{"allow":["GET"]}}],"collection":[{"href":"https:\/\/pdt-rj.org.br\/index.php\/wp-json\/wp\/v2\/posts"}],"about":[{"href":"https:\/\/pdt-rj.org.br\/index.php\/wp-json\/wp\/v2\/types\/post"}],"author":[{"embeddable":true,"href":"https:\/\/pdt-rj.org.br\/index.php\/wp-json\/wp\/v2\/users\/17"}],"replies":[{"embeddable":true,"href":"https:\/\/pdt-rj.org.br\/index.php\/wp-json\/wp\/v2\/comments?post=78394"}],"version-history":[{"count":2,"href":"https:\/\/pdt-rj.org.br\/index.php\/wp-json\/wp\/v2\/posts\/78394\/revisions"}],"predecessor-version":[{"id":78399,"href":"https:\/\/pdt-rj.org.br\/index.php\/wp-json\/wp\/v2\/posts\/78394\/revisions\/78399"}],"wp:featuredmedia":[{"embeddable":true,"href":"https:\/\/pdt-rj.org.br\/index.php\/wp-json\/wp\/v2\/media\/78397"}],"wp:attachment":[{"href":"https:\/\/pdt-rj.org.br\/index.php\/wp-json\/wp\/v2\/media?parent=78394"}],"wp:term":[{"taxonomy":"category","embeddable":true,"href":"https:\/\/pdt-rj.org.br\/index.php\/wp-json\/wp\/v2\/categories?post=78394"},{"taxonomy":"post_tag","embeddable":true,"href":"https:\/\/pdt-rj.org.br\/index.php\/wp-json\/wp\/v2\/tags?post=78394"}],"curies":[{"name":"wp","href":"https:\/\/api.w.org\/{rel}","templated":true}]}}