{"id":78354,"date":"2021-06-02T16:34:19","date_gmt":"2021-06-02T19:34:19","guid":{"rendered":"http:\/\/pdt-rj.org.br\/?p=78354"},"modified":"2021-06-03T17:12:47","modified_gmt":"2021-06-03T20:12:47","slug":"profissionais-da-saude-de-cabo-frio-rj-receberao-atendimento-psicologico","status":"publish","type":"post","link":"https:\/\/pdt-rj.org.br\/index.php\/profissionais-da-saude-de-cabo-frio-rj-receberao-atendimento-psicologico\/","title":{"rendered":"Profissionais da sa\u00fade de Cabo Frio (RJ) receber\u00e3o atendimento psicol\u00f3gico online"},"content":{"rendered":"<p><em><strong>O objetivo \u00e9 levar acolhimento e mais qualidade de vida No dia a dia no atendimento da pandemia\u00a0<\/strong><\/em><\/p>\n<p>Sob a gest\u00e3o do\u00a0 pedetista Jos\u00e9 Bonif\u00e1cio, a Prefeitura de Cabo Frio (RJ), em parceria com o curso de psicologia da Universidade Federal Fluminense (UFF) de Rio das Ostras, vai dar in\u00edcio a um novo servi\u00e7o. A partir desta ter\u00e7a-feira (1) ser\u00e1 oferecido atendimento psicol\u00f3gico via internet aos profissionais de sa\u00fade que atuam na rede municipal da cidade, principalmente os que est\u00e3o na linha de frente no combate \u00e0 Covid-19.<\/p>\n<p>O objetivo \u00e9 levar acolhimento e mais qualidade de vida para esses profissionais, para que possam lidar com o dia a dia no atendimento da pandemia nas unidades de sa\u00fade.<\/p>\n<p>As consultas ser\u00e3o online e os agendamentos j\u00e1 podem ser feitos por meio do formul\u00e1rio dispon\u00edvel no link <a href=\"https:\/\/forms.gle\/9CKXxfHhxauhidoD8\" target=\"_blank\" rel=\"noreferrer noopener\">https:\/\/forms.gle\/9CKXxfHhxauhidoD8<\/a>. Durante o preenchimento \u00e9 fundamental que seja informado um telefone de contato v\u00e1lido para que seja feita a efetiva\u00e7\u00e3o do agendamento da consulta. Cada profissional ter\u00e1 direito a at\u00e9 10 sess\u00f5es individuais.<\/p>\n<p>\u201cA pandemia gerou estados emocionais muito graves, com quadros de ansiedade, depress\u00e3o e p\u00e2nico. Muitos profissionais de sa\u00fade, que lutam diariamente pela vida de cada cidad\u00e3o, est\u00e3o esgotados. Por isso, n\u00e3o podemos pensar em melhorias na sa\u00fade de Cabo Frio sem pensar na qualidade de vida do profissional que atender\u00e1 o paciente. Todo apoio \u00e9 fundamental\u201d, explica Felipe Fernandes, secret\u00e1rio de Sa\u00fade.<\/p>\n<!-- AddThis Advanced Settings generic via filter on the_content --><!-- AddThis Share Buttons generic via filter on the_content -->","protected":false},"excerpt":{"rendered":"<p>O objetivo \u00e9 levar acolhimento e mais qualidade de vida No dia a dia no atendimento da pandemia\u00a0 Sob a gest\u00e3o do\u00a0 pedetista Jos\u00e9 Bonif\u00e1cio, a Prefeitura de Cabo Frio (RJ), em parceria com o curso de psicologia da Universidade Federal Fluminense (UFF) de Rio das Ostras, vai dar in\u00edcio a um novo servi\u00e7o. A&#8230;<!-- AddThis Advanced Settings generic via filter on wp_trim_excerpt --><!-- AddThis Share Buttons generic via filter on wp_trim_excerpt --><\/p>\n","protected":false},"author":17,"featured_media":78355,"comment_status":"closed","ping_status":"closed","sticky":false,"template":"","format":"standard","meta":{"_monsterinsights_skip_tracking":false,"_monsterinsights_sitenote_active":false,"_monsterinsights_sitenote_note":"","_monsterinsights_sitenote_category":0,"_uf_show_specific_survey":0,"_uf_disable_surveys":false,"footnotes":""},"categories":[1390],"tags":[4129,3348,3068,3378],"class_list":["post-78354","post","type-post","status-publish","format-standard","has-post-thumbnail","hentry","category-editorias","tag-cabo-frio-rj","tag-covid-19","tag-jose-bonifacio","tag-pandemia"],"acf":[],"_links":{"self":[{"href":"https:\/\/pdt-rj.org.br\/index.php\/wp-json\/wp\/v2\/posts\/78354","targetHints":{"allow":["GET"]}}],"collection":[{"href":"https:\/\/pdt-rj.org.br\/index.php\/wp-json\/wp\/v2\/posts"}],"about":[{"href":"https:\/\/pdt-rj.org.br\/index.php\/wp-json\/wp\/v2\/types\/post"}],"author":[{"embeddable":true,"href":"https:\/\/pdt-rj.org.br\/index.php\/wp-json\/wp\/v2\/users\/17"}],"replies":[{"embeddable":true,"href":"https:\/\/pdt-rj.org.br\/index.php\/wp-json\/wp\/v2\/comments?post=78354"}],"version-history":[{"count":3,"href":"https:\/\/pdt-rj.org.br\/index.php\/wp-json\/wp\/v2\/posts\/78354\/revisions"}],"predecessor-version":[{"id":78358,"href":"https:\/\/pdt-rj.org.br\/index.php\/wp-json\/wp\/v2\/posts\/78354\/revisions\/78358"}],"wp:featuredmedia":[{"embeddable":true,"href":"https:\/\/pdt-rj.org.br\/index.php\/wp-json\/wp\/v2\/media\/78355"}],"wp:attachment":[{"href":"https:\/\/pdt-rj.org.br\/index.php\/wp-json\/wp\/v2\/media?parent=78354"}],"wp:term":[{"taxonomy":"category","embeddable":true,"href":"https:\/\/pdt-rj.org.br\/index.php\/wp-json\/wp\/v2\/categories?post=78354"},{"taxonomy":"post_tag","embeddable":true,"href":"https:\/\/pdt-rj.org.br\/index.php\/wp-json\/wp\/v2\/tags?post=78354"}],"curies":[{"name":"wp","href":"https:\/\/api.w.org\/{rel}","templated":true}]}}