{"id":78315,"date":"2021-06-02T14:36:58","date_gmt":"2021-06-02T17:36:58","guid":{"rendered":"http:\/\/pdt-rj.org.br\/?p=78315"},"modified":"2021-06-04T17:16:15","modified_gmt":"2021-06-04T20:16:15","slug":"axel-grael-assina-termo-que-integra-niteroi-rj-em-alianca-pela-acao-climatica","status":"publish","type":"post","link":"https:\/\/pdt-rj.org.br\/index.php\/axel-grael-assina-termo-que-integra-niteroi-rj-em-alianca-pela-acao-climatica\/","title":{"rendered":"Axel Grael assina termo que integra Niter\u00f3i (RJ) em Alian\u00e7a pela A\u00e7\u00e3o Clim\u00e1tica"},"content":{"rendered":"<p data-raofz=\"15\">Niter\u00f3i (RJ) passou a fazer parte da Alian\u00e7a pela A\u00e7\u00e3o Clim\u00e1tica (ACA) Brasil, uma coaliz\u00e3o dedicada a empreender medidas e aumentar o apoio p\u00fablico no enfrentamento \u00e0 emerg\u00eancia clim\u00e1tica mundial. O prefeito Axel Grael (PDT) assinou o termo de ades\u00e3o e lembrou que o munic\u00edpio tem boa visibilidade nacional no campo das a\u00e7\u00f5es para a sustentabilidade ambiental.<\/p>\n<p data-raofz=\"15\">O convite para a ades\u00e3o da cidade partiu da equipe do Local Governments for Sustainability (ICLEI) Brasil, uma rede internacional da qual Niter\u00f3i \u00e9 membro desde 2017. Uma das metas da iniciativa \u00e9 que sejam cumpridos os compromissos pactuados no Acordo de Paris, que foi assinado por 195 pa\u00edses para conter o aumento do aquecimento global e prev\u00ea metas para a redu\u00e7\u00e3o da emiss\u00e3o de gases do efeito estufa. O movimento j\u00e1 existe nos Estados Unidos, Vietn\u00e3, M\u00e9xico, Argentina, Jap\u00e3o e \u00c1frica do Sul.<\/p>\n<p data-raofz=\"15\">\u201cDesde 2013, a quest\u00e3o clim\u00e1tica \u00e9 tratada com muita seriedade em Niter\u00f3i. A Prefeitura desenvolve projetos voltados para educa\u00e7\u00e3o ambiental, preserva\u00e7\u00e3o de parques e florestas, recupera\u00e7\u00e3o da Lagoa de Piratininga, iniciativas de reflorestamento, controle da emiss\u00e3o de gases do efeito estufa, entre outros. Recentemente, criamos uma Secretaria do Clima que cuida das pol\u00edticas de preven\u00e7\u00e3o, adapta\u00e7\u00e3o e mitiga\u00e7\u00e3o de danos com rela\u00e7\u00e3o \u00e0s mudan\u00e7as clim\u00e1ticas. \u00c9 a primeira Secretaria do Clima do Pa\u00eds. Niter\u00f3i se tornou signat\u00e1ria da ACA porque assume sua responsabilidade e lideran\u00e7a nesse tema t\u00e3o vital e estrat\u00e9gico\u201d, destacou o prefeito.<\/p>\n<p data-raofz=\"15\">Atualmente, a ACA conta com 17 cidades membros, tr\u00eas estados, nove empresas e investidores e 14 organiza\u00e7\u00f5es da sociedade civil organizada.<\/p>\n<p data-raofz=\"15\">No Brasil, a miss\u00e3o da alian\u00e7a \u00e9 mobilizar autoridades locais e estaduais, acad\u00eamicos, lideran\u00e7as empresariais, organiza\u00e7\u00f5es da sociedade civil e a juventude sob a bandeira da Alian\u00e7a pela A\u00e7\u00e3o Clim\u00e1tica, para aumentar o tamanho do movimento subnacional e tamb\u00e9m de organiza\u00e7\u00f5es n\u00e3o governamentais; melhorar a clareza e consist\u00eancia de suas mensagens coletivas; melhorar as sinergias entre as iniciativas em curso em apoio \u00e0s a\u00e7\u00f5es clim\u00e1ticas locais, contribuindo para redu\u00e7\u00e3o concreta de emiss\u00f5es e para um aumento da resili\u00eancia dos territ\u00f3rios, tanto individual como colaborativamente.<\/p>\n<p data-raofz=\"15\">A Secret\u00e1ria do Escrit\u00f3rio de Gest\u00e3o de Projetos da Prefeitura de Niter\u00f3i, Val\u00e9ria Braga, pontuou que a ades\u00e3o do munic\u00edpio \u00e0 ACA refor\u00e7a todo o comprometimento que existe de Niter\u00f3i com a causa clim\u00e1tica.<\/p>\n<p data-raofz=\"15\">\u201cUma coaliz\u00e3o representativa de v\u00e1rios setores fortalece as a\u00e7\u00f5es e otimiza seus impactos. Al\u00e9m disso, as oportunidades de troca de conhecimentos entre essas diferentes institui\u00e7\u00f5es, faz com que as possibilidades de parcerias e coopera\u00e7\u00f5es tragam excelentes resultados para Niter\u00f3i\u201d, afirmou.<\/p>\n<p data-raofz=\"15\">O secret\u00e1rio municipal do Clima, Luciano Paez, refor\u00e7ou que Niter\u00f3i j\u00e1 vem fazendo o seu dever de casa no que diz respeito \u00e0 mitiga\u00e7\u00e3o dos efeitos das mudan\u00e7as clim\u00e1ticas h\u00e1 alguns anos.<\/p>\n<p data-raofz=\"15\">\u201cMuitas secretarias como a Defesa Civil, Meio Ambiente, Urbanismo, entre outras, eram integradas em um grupo executivo (Geclima) que produziam as principais a\u00e7\u00f5es municipais sobre o tema. O reconhecimento internacional das institui\u00e7\u00f5es e governos sobre a nossa cidade vem tamb\u00e9m deste trabalho anterior \u00e0 cria\u00e7\u00e3o da Seclima, a primeira secretaria municipal do Clima do Brasil. Este termo de ades\u00e3o assinado pelo prefeito corrobora que esta gest\u00e3o est\u00e1 pronta para os grandes desafios que teremos de enfrentar enquanto uma cidade resiliente e sustent\u00e1vel\u201d, disse.<\/p>\n<!-- AddThis Advanced Settings generic via filter on the_content --><!-- AddThis Share Buttons generic via filter on the_content -->","protected":false},"excerpt":{"rendered":"<p>Niter\u00f3i (RJ) passou a fazer parte da Alian\u00e7a pela A\u00e7\u00e3o Clim\u00e1tica (ACA) Brasil, uma coaliz\u00e3o dedicada a empreender medidas e aumentar o apoio p\u00fablico no enfrentamento \u00e0 emerg\u00eancia clim\u00e1tica mundial. O prefeito Axel Grael (PDT) assinou o termo de ades\u00e3o e lembrou que o munic\u00edpio tem boa visibilidade nacional no campo das a\u00e7\u00f5es para a&#8230;<!-- AddThis Advanced Settings generic via filter on wp_trim_excerpt --><!-- AddThis Share Buttons generic via filter on wp_trim_excerpt --><\/p>\n","protected":false},"author":17,"featured_media":78317,"comment_status":"closed","ping_status":"closed","sticky":false,"template":"","format":"standard","meta":{"_monsterinsights_skip_tracking":false,"_monsterinsights_sitenote_active":false,"_monsterinsights_sitenote_note":"","_monsterinsights_sitenote_category":0,"_uf_show_specific_survey":0,"_uf_disable_surveys":false,"footnotes":""},"categories":[1390,1402],"tags":[4838,4835,4025,4836,4837,4545],"class_list":["post-78315","post","type-post","status-publish","format-standard","has-post-thumbnail","hentry","category-editorias","category-cidades","tag-acordo-de-paris","tag-alianca-pela-acao-climatica","tag-axel-grael","tag-emergencia-climatica-mundial","tag-local-governments-for-sustainability","tag-prefeitura-de-niteroi-rj"],"acf":[],"_links":{"self":[{"href":"https:\/\/pdt-rj.org.br\/index.php\/wp-json\/wp\/v2\/posts\/78315","targetHints":{"allow":["GET"]}}],"collection":[{"href":"https:\/\/pdt-rj.org.br\/index.php\/wp-json\/wp\/v2\/posts"}],"about":[{"href":"https:\/\/pdt-rj.org.br\/index.php\/wp-json\/wp\/v2\/types\/post"}],"author":[{"embeddable":true,"href":"https:\/\/pdt-rj.org.br\/index.php\/wp-json\/wp\/v2\/users\/17"}],"replies":[{"embeddable":true,"href":"https:\/\/pdt-rj.org.br\/index.php\/wp-json\/wp\/v2\/comments?post=78315"}],"version-history":[{"count":3,"href":"https:\/\/pdt-rj.org.br\/index.php\/wp-json\/wp\/v2\/posts\/78315\/revisions"}],"predecessor-version":[{"id":78390,"href":"https:\/\/pdt-rj.org.br\/index.php\/wp-json\/wp\/v2\/posts\/78315\/revisions\/78390"}],"wp:featuredmedia":[{"embeddable":true,"href":"https:\/\/pdt-rj.org.br\/index.php\/wp-json\/wp\/v2\/media\/78317"}],"wp:attachment":[{"href":"https:\/\/pdt-rj.org.br\/index.php\/wp-json\/wp\/v2\/media?parent=78315"}],"wp:term":[{"taxonomy":"category","embeddable":true,"href":"https:\/\/pdt-rj.org.br\/index.php\/wp-json\/wp\/v2\/categories?post=78315"},{"taxonomy":"post_tag","embeddable":true,"href":"https:\/\/pdt-rj.org.br\/index.php\/wp-json\/wp\/v2\/tags?post=78315"}],"curies":[{"name":"wp","href":"https:\/\/api.w.org\/{rel}","templated":true}]}}