{"id":78273,"date":"2021-05-31T18:19:19","date_gmt":"2021-05-31T21:19:19","guid":{"rendered":"http:\/\/pdt-rj.org.br\/?p=78273"},"modified":"2021-06-03T08:48:11","modified_gmt":"2021-06-03T11:48:11","slug":"prioridades-bem-definidas-de-um-governo-genocida-diz-ciro-sobre-copa-america-no-brasil","status":"publish","type":"post","link":"https:\/\/pdt-rj.org.br\/index.php\/prioridades-bem-definidas-de-um-governo-genocida-diz-ciro-sobre-copa-america-no-brasil\/","title":{"rendered":"&#8220;Prioridades bem definidas de um governo genocida!\u201d, diz Ciro sobre Copa Am\u00e9rica no Brasil"},"content":{"rendered":"<p class=\"yiv4460999346MsoNormal\"><b>Pedetista compara agilidade do presidente para analisar torneio de futebol e detrimento de comprar vacinas contra a Covid-19<\/b><\/p>\n<p class=\"yiv4460999346MsoNormal\">O presidenci\u00e1vel pelo PDT, Ciro Gomes, criticou a decis\u00e3o imediata do presidente Jair Bolsonaro de avalizar, nesta segunda-feira (31), a realiza\u00e7\u00e3o da Copa Am\u00e9rica no Brasil durante a pandemia do coronav\u00edrus. O in\u00edcio est\u00e1 previsto, segundo a Confedera\u00e7\u00e3o Sul-Americana de Futebol (Conmebol), para o dia 11 de junho.<\/p>\n<p class=\"yiv4460999346MsoNormal\">\u201cBolsonaro demora meses para responder ofertas de vacinas contra Covid, mas leva horas para aceitar que a Copa Am\u00e9rica aconte\u00e7a no Brasil. Prioridades bem definidas de um governo genocida!\u201d, condenou o ex-governador, nas suas redes sociais.<\/p>\n<p class=\"yiv4460999346MsoNormal\">Inicialmente programada para ocorrer na Col\u00f4mbia e na Argentina, o torneio continental ainda ter\u00e1 as cidades-sede divulgadas pela Conmebol e Confedera\u00e7\u00e3o Brasileira de Futebol (CBF), que fizeram a consulta pr\u00e9via ao governo federal.<\/p>\n<p class=\"yiv4460999346MsoNormal\">Para Ciro, a Comiss\u00e3o Parlamentar de Inqu\u00e9rito (CPI) da Pandemia, no Senado Federal, precisa \u201cagir preventivamente\u201d e convocar \u201co presidente da CBF e as autoridades esportivas para saber quais os cuidados que ser\u00e3o tomados\u201d.<\/p>\n<p class=\"yiv4460999346MsoNormal\">\u201cA quest\u00e3o n\u00e3o \u00e9 gostar ou n\u00e3o gostar de futebol. Eu adoro! A quest\u00e3o \u00e9 n\u00e3o brincar com a vida dos brasileiros. E n\u00e3o fazer demagogia a troco da morte de inocentes\u201d, afirmou.<\/p>\n<!-- AddThis Advanced Settings generic via filter on the_content --><!-- AddThis Share Buttons generic via filter on the_content -->","protected":false},"excerpt":{"rendered":"<p>Pedetista compara agilidade do presidente para analisar torneio de futebol e detrimento de comprar vacinas contra a Covid-19 O presidenci\u00e1vel pelo PDT, Ciro Gomes, criticou a decis\u00e3o imediata do presidente Jair Bolsonaro de avalizar, nesta segunda-feira (31), a realiza\u00e7\u00e3o da Copa Am\u00e9rica no Brasil durante a pandemia do coronav\u00edrus. O in\u00edcio est\u00e1 previsto, segundo a&#8230;<!-- AddThis Advanced Settings generic via filter on wp_trim_excerpt --><!-- AddThis Share Buttons generic via filter on wp_trim_excerpt --><\/p>\n","protected":false},"author":17,"featured_media":78274,"comment_status":"closed","ping_status":"closed","sticky":false,"template":"","format":"standard","meta":{"_monsterinsights_skip_tracking":false,"_monsterinsights_sitenote_active":false,"_monsterinsights_sitenote_note":"","_monsterinsights_sitenote_category":0,"_uf_show_specific_survey":0,"_uf_disable_surveys":false,"footnotes":""},"categories":[1390],"tags":[220,4832,4833],"class_list":["post-78273","post","type-post","status-publish","format-standard","has-post-thumbnail","hentry","category-editorias","tag-ciro-gomes","tag-copa-america","tag-governo-genocida"],"acf":[],"_links":{"self":[{"href":"https:\/\/pdt-rj.org.br\/index.php\/wp-json\/wp\/v2\/posts\/78273","targetHints":{"allow":["GET"]}}],"collection":[{"href":"https:\/\/pdt-rj.org.br\/index.php\/wp-json\/wp\/v2\/posts"}],"about":[{"href":"https:\/\/pdt-rj.org.br\/index.php\/wp-json\/wp\/v2\/types\/post"}],"author":[{"embeddable":true,"href":"https:\/\/pdt-rj.org.br\/index.php\/wp-json\/wp\/v2\/users\/17"}],"replies":[{"embeddable":true,"href":"https:\/\/pdt-rj.org.br\/index.php\/wp-json\/wp\/v2\/comments?post=78273"}],"version-history":[{"count":4,"href":"https:\/\/pdt-rj.org.br\/index.php\/wp-json\/wp\/v2\/posts\/78273\/revisions"}],"predecessor-version":[{"id":78346,"href":"https:\/\/pdt-rj.org.br\/index.php\/wp-json\/wp\/v2\/posts\/78273\/revisions\/78346"}],"wp:featuredmedia":[{"embeddable":true,"href":"https:\/\/pdt-rj.org.br\/index.php\/wp-json\/wp\/v2\/media\/78274"}],"wp:attachment":[{"href":"https:\/\/pdt-rj.org.br\/index.php\/wp-json\/wp\/v2\/media?parent=78273"}],"wp:term":[{"taxonomy":"category","embeddable":true,"href":"https:\/\/pdt-rj.org.br\/index.php\/wp-json\/wp\/v2\/categories?post=78273"},{"taxonomy":"post_tag","embeddable":true,"href":"https:\/\/pdt-rj.org.br\/index.php\/wp-json\/wp\/v2\/tags?post=78273"}],"curies":[{"name":"wp","href":"https:\/\/api.w.org\/{rel}","templated":true}]}}