{"id":78267,"date":"2021-05-31T16:31:29","date_gmt":"2021-05-31T19:31:29","guid":{"rendered":"http:\/\/pdt-rj.org.br\/?p=78267"},"modified":"2021-06-02T22:04:53","modified_gmt":"2021-06-03T01:04:53","slug":"ciro-estima-que-iminente-crise-hidrica-pode-gerar-apagao-no-brasil","status":"publish","type":"post","link":"https:\/\/pdt-rj.org.br\/index.php\/ciro-estima-que-iminente-crise-hidrica-pode-gerar-apagao-no-brasil\/","title":{"rendered":"Ciro estima que iminente crise h\u00eddrica pode gerar \u201capag\u00e3o\u201d no Brasil"},"content":{"rendered":"<p class=\"yiv1897967964MsoNormal\"><em><b>Emprego, renda e produ\u00e7\u00e3o ser\u00e3o os principais eixos afetados pela omiss\u00e3o do governo Bolsonaro<\/b><\/em><\/p>\n<p class=\"yiv1897967964MsoNormal\">A gravidade da iminente crise h\u00eddrica nacional foi alertada pelo pr\u00e9-candidato a presidente da Rep\u00fablica pelo PDT, Ciro Gomes, em v\u00eddeo divulgado em suas redes sociais, nesta segunda-feira (31). Para o ex-governador do Cear\u00e1, a causa determinante do poss\u00edvel \u201capag\u00e3o\u201d \u00e9 a omiss\u00e3o do governo Bolsonaro.<\/p>\n<p class=\"yiv1897967964MsoNormal\">\u201cDentro de muito pouco tempo, o Brasil vai enfrentar uma crise h\u00eddrica que afetar\u00e1 nosso sistema el\u00e9trico nas mesmas propor\u00e7\u00f5es, ou maior, que a crise de 2001\u201d, criticou.<\/p>\n<p class=\"yiv1897967964MsoNormal\">\u201cEla vai trazer impacto negativo na produ\u00e7\u00e3o, no emprego e na renda, com mais sofrimento \u00e0 popula\u00e7\u00e3o. E, provavelmente, novo racionamento, com tudo de ruim que isso significa\u201d, acrescentou.<\/p>\n<p class=\"yiv1897967964MsoNormal\">Em uma reedi\u00e7\u00e3o da grave limita\u00e7\u00e3o energ\u00e9tica ap\u00f3s 20 anos, que \u00e9 resultado da associa\u00e7\u00e3o de falta de investimentos em gera\u00e7\u00e3o e transmiss\u00e3o com redu\u00e7\u00e3o dr\u00e1stica do volume dos reservat\u00f3rios das hidrel\u00e9tricas, o pa\u00eds foi induzido pelo governo federal a dois cen\u00e1rios: racionamento e blecaute.<\/p>\n<p class=\"yiv1897967964MsoNormal\">\u201cEnquanto a crise se aproxima, o que faz Bolsonaro? Nada. Apenas a acelera com a negociata da privatiza\u00e7\u00e3o criminosa e escandalosa da Eletrobr\u00e1s. Uma privatiza\u00e7\u00e3o obscura e \u00e0s escuras, como tudo do seu governo\u201d, explicou.<\/p>\n<p class=\"yiv1897967964MsoNormal\">\u201cOu a gente impede este crime ou mergulharemos em um apag\u00e3o pol\u00edtico e moral de propor\u00e7\u00f5es gigantescas\u201d, finalizou.<\/p>\n<p class=\"yiv1897967964MsoNormal\">Confira a \u00edntegra do v\u00eddeo\u00a0<a href=\"https:\/\/www.facebook.com\/watch\/?v=377086197071802\" target=\"_blank\" rel=\"nofollow noopener noreferrer\">aqui<\/a>.<\/p>\n<!-- AddThis Advanced Settings generic via filter on the_content --><!-- AddThis Share Buttons generic via filter on the_content -->","protected":false},"excerpt":{"rendered":"<p>Emprego, renda e produ\u00e7\u00e3o ser\u00e3o os principais eixos afetados pela omiss\u00e3o do governo Bolsonaro A gravidade da iminente crise h\u00eddrica nacional foi alertada pelo pr\u00e9-candidato a presidente da Rep\u00fablica pelo PDT, Ciro Gomes, em v\u00eddeo divulgado em suas redes sociais, nesta segunda-feira (31). Para o ex-governador do Cear\u00e1, a causa determinante do poss\u00edvel \u201capag\u00e3o\u201d \u00e9&#8230;<!-- AddThis Advanced Settings generic via filter on wp_trim_excerpt --><!-- AddThis Share Buttons generic via filter on wp_trim_excerpt --><\/p>\n","protected":false},"author":17,"featured_media":78268,"comment_status":"closed","ping_status":"closed","sticky":false,"template":"","format":"standard","meta":{"_monsterinsights_skip_tracking":false,"_monsterinsights_sitenote_active":false,"_monsterinsights_sitenote_note":"","_monsterinsights_sitenote_category":0,"_uf_show_specific_survey":0,"_uf_disable_surveys":false,"footnotes":""},"categories":[1390,976],"tags":[220],"class_list":["post-78267","post","type-post","status-publish","format-standard","has-post-thumbnail","hentry","category-editorias","category-noticias-em-destaque","tag-ciro-gomes"],"acf":[],"_links":{"self":[{"href":"https:\/\/pdt-rj.org.br\/index.php\/wp-json\/wp\/v2\/posts\/78267","targetHints":{"allow":["GET"]}}],"collection":[{"href":"https:\/\/pdt-rj.org.br\/index.php\/wp-json\/wp\/v2\/posts"}],"about":[{"href":"https:\/\/pdt-rj.org.br\/index.php\/wp-json\/wp\/v2\/types\/post"}],"author":[{"embeddable":true,"href":"https:\/\/pdt-rj.org.br\/index.php\/wp-json\/wp\/v2\/users\/17"}],"replies":[{"embeddable":true,"href":"https:\/\/pdt-rj.org.br\/index.php\/wp-json\/wp\/v2\/comments?post=78267"}],"version-history":[{"count":1,"href":"https:\/\/pdt-rj.org.br\/index.php\/wp-json\/wp\/v2\/posts\/78267\/revisions"}],"predecessor-version":[{"id":78269,"href":"https:\/\/pdt-rj.org.br\/index.php\/wp-json\/wp\/v2\/posts\/78267\/revisions\/78269"}],"wp:featuredmedia":[{"embeddable":true,"href":"https:\/\/pdt-rj.org.br\/index.php\/wp-json\/wp\/v2\/media\/78268"}],"wp:attachment":[{"href":"https:\/\/pdt-rj.org.br\/index.php\/wp-json\/wp\/v2\/media?parent=78267"}],"wp:term":[{"taxonomy":"category","embeddable":true,"href":"https:\/\/pdt-rj.org.br\/index.php\/wp-json\/wp\/v2\/categories?post=78267"},{"taxonomy":"post_tag","embeddable":true,"href":"https:\/\/pdt-rj.org.br\/index.php\/wp-json\/wp\/v2\/tags?post=78267"}],"curies":[{"name":"wp","href":"https:\/\/api.w.org\/{rel}","templated":true}]}}