{"id":78251,"date":"2021-05-29T14:13:42","date_gmt":"2021-05-29T17:13:42","guid":{"rendered":"http:\/\/pdt-rj.org.br\/?p=78251"},"modified":"2021-06-02T21:55:38","modified_gmt":"2021-06-03T00:55:38","slug":"cafe-com-lupi-comemora-os-41-anos-do-pdt-com-manoel-dias-juliana-brizola-e-outros-lideres-do-partido","status":"publish","type":"post","link":"https:\/\/pdt-rj.org.br\/index.php\/cafe-com-lupi-comemora-os-41-anos-do-pdt-com-manoel-dias-juliana-brizola-e-outros-lideres-do-partido\/","title":{"rendered":"Caf\u00e9 com Lupi comemora os 41 anos do PDT com Manoel Dias, Juliana Brizola, e outros l\u00edderes do partido"},"content":{"rendered":"<h3><em>Edi\u00e7\u00e3o especial do programa reuniu Manoel Dias, Miguelina Vecchio e outros l\u00edderes do partido<\/em><\/h3>\n<p>Comemorando os 41 anos do PDT, o Caf\u00e9 com Lupi deste s\u00e1bado (29) foi especial, fugindo do habitual esquema de entrevistas com um ou dois entrevistados. Dessa vez, sete convidados estiveram no programa, dentre eles Manoel Dias, presidente da Funda\u00e7\u00e3o Leonel Brizola \u2013 Alberto Pasqualini (FLB-AP). Ao longo da transmiss\u00e3o, os participantes reavivaram as bandeiras pedetistas e reafirmaram a pretens\u00e3o do partido de chegar \u00e0 presid\u00eancia da Rep\u00fablica com Ciro Gomes.<\/p>\n<p>Carlos Lupi, presidente nacional do PDT, se apresentou dessa vez de um jeito diferente. Vestia a camisa verde e amarela do Brasil com o n\u00famero \u201c12\u201d estampado de um lado e uma tarja preta do outro, representando o luto pela morte de mais de 450 mil brasileiros v\u00edtimas do coronav\u00edrus e da pol\u00edtica genocida do Governo Bolsonaro.<\/p>\n<p>\u201cEstou paramentado de Brasil porque quero come\u00e7ar dizendo a quem est\u00e1 nos ouvindo agora: O Brasil \u00e9 nosso, n\u00e3o \u00e9 deles. Esse neg\u00f3cio de a gente se acovardar e achar que o verde e amarelo, o nosso s\u00edmbolo da p\u00e1tria, a bandeira nacional n\u00e3o nos pertence, \u00e9 covardia pura. N\u00f3s temos que enfrentar essa direita raivosa. N\u00f3s temos que enfrentar Bolsonaro em todos os campos. Ele n\u00e3o pode roubar o verde e amarelo\u201d.<\/p>\n<p>A edi\u00e7\u00e3o especial do Caf\u00e9 com Lupi n\u00e3o poderia deixar de tra\u00e7ar a trajet\u00f3ria do partido ao longo dos 41 anos. A produ\u00e7\u00e3o do programa preparou uma linha do tempo, dividida em d\u00e9cadas, que foi apresentada em diversos momentos da transmiss\u00e3o. Dentre os fatos destacados est\u00e3o: a posse de Brizola como governador do Rio de Janeiro; Carlos Lupi no Minist\u00e9rio do Trabalho e Emprego; e a filia\u00e7\u00e3o de Ciro Gomes, em 2015.<\/p>\n<p>Sobre a coes\u00e3o partid\u00e1ria, Manoel Dias lembrou o per\u00edodo seguinte a morte do maior l\u00edder pedetista, Leonel de Moura Brizola, e frisou que, gra\u00e7as a lideran\u00e7a de Lupi, o partido se manteve s\u00f3lido e resistiu aquele momento de incerteza. O presidente da FLB-AP tamb\u00e9m afirmou que Ciro Gomes \u00e9 o nome capaz de implantar o projeto nacional de desenvolvimento do PDT: \u201cEle (Ciro) vai ser o continuador da luta em defesa dos ideais trabalhistas\u201d.<\/p>\n<p>Os presidentes estaduais do PDT tamb\u00e9m participaram do programa. Cada um enviou um v\u00eddeo com uma mensagem de felicita\u00e7\u00e3o ao partido e aos companheiros partid\u00e1rios. O mesmo foi feito pelos presidentes nacionais dos movimentos pedetistas. O refor\u00e7o \u00e0 pr\u00e9-candidatura de Ciro Gomes e \u00e0 aplica\u00e7\u00e3o do projeto nacional de desenvolvimento foi recorrente na fala das lideran\u00e7as.<\/p>\n<p>A transmiss\u00e3o ao vivo contou ainda com a participa\u00e7\u00e3o de Miguelina Vecchio, presidente nacional da A\u00e7\u00e3o da Mulher Trabalhista (AMT), dos deputados federais Andr\u00e9 Figueiredo e Wolney Queiroz, da deputada estadual do Rio Grande do Sul, Juliana Brizola, e do presidente do PDT de S\u00e3o Paulo, Ant\u00f4nio Neto.<\/p>\n<p>Confira o Caf\u00e9 com Lupi especial na \u00edntegra logo abaixo.<\/p>\n<p><iframe loading=\"lazy\" title=\"YouTube video player\" src=\"\/\/www.youtube.com\/embed\/z3CLqgGF9eo\" width=\"956\" height=\"538\" frameborder=\"0\" allowfullscreen=\"allowfullscreen\"><\/iframe><\/p>\n<!-- AddThis Advanced Settings generic via filter on the_content --><!-- AddThis Share Buttons generic via filter on the_content -->","protected":false},"excerpt":{"rendered":"<p>Edi\u00e7\u00e3o especial do programa reuniu Manoel Dias, Miguelina Vecchio e outros l\u00edderes do partido Comemorando os 41 anos do PDT, o Caf\u00e9 com Lupi deste s\u00e1bado (29) foi especial, fugindo do habitual esquema de entrevistas com um ou dois entrevistados. Dessa vez, sete convidados estiveram no programa, dentre eles Manoel Dias, presidente da Funda\u00e7\u00e3o Leonel&#8230;<!-- AddThis Advanced Settings generic via filter on wp_trim_excerpt --><!-- AddThis Share Buttons generic via filter on wp_trim_excerpt --><\/p>\n","protected":false},"author":17,"featured_media":78252,"comment_status":"closed","ping_status":"closed","sticky":false,"template":"","format":"standard","meta":{"_monsterinsights_skip_tracking":false,"_monsterinsights_sitenote_active":false,"_monsterinsights_sitenote_note":"","_monsterinsights_sitenote_category":0,"_uf_show_specific_survey":0,"_uf_disable_surveys":false,"footnotes":""},"categories":[1390,976],"tags":[3695,196,3181,220,38],"class_list":["post-78251","post","type-post","status-publish","format-standard","has-post-thumbnail","hentry","category-editorias","category-noticias-em-destaque","tag-cafe-com-lupi","tag-carlos-lupi","tag-ciro-2022","tag-ciro-gomes","tag-pdt"],"acf":[],"_links":{"self":[{"href":"https:\/\/pdt-rj.org.br\/index.php\/wp-json\/wp\/v2\/posts\/78251","targetHints":{"allow":["GET"]}}],"collection":[{"href":"https:\/\/pdt-rj.org.br\/index.php\/wp-json\/wp\/v2\/posts"}],"about":[{"href":"https:\/\/pdt-rj.org.br\/index.php\/wp-json\/wp\/v2\/types\/post"}],"author":[{"embeddable":true,"href":"https:\/\/pdt-rj.org.br\/index.php\/wp-json\/wp\/v2\/users\/17"}],"replies":[{"embeddable":true,"href":"https:\/\/pdt-rj.org.br\/index.php\/wp-json\/wp\/v2\/comments?post=78251"}],"version-history":[{"count":3,"href":"https:\/\/pdt-rj.org.br\/index.php\/wp-json\/wp\/v2\/posts\/78251\/revisions"}],"predecessor-version":[{"id":78256,"href":"https:\/\/pdt-rj.org.br\/index.php\/wp-json\/wp\/v2\/posts\/78251\/revisions\/78256"}],"wp:featuredmedia":[{"embeddable":true,"href":"https:\/\/pdt-rj.org.br\/index.php\/wp-json\/wp\/v2\/media\/78252"}],"wp:attachment":[{"href":"https:\/\/pdt-rj.org.br\/index.php\/wp-json\/wp\/v2\/media?parent=78251"}],"wp:term":[{"taxonomy":"category","embeddable":true,"href":"https:\/\/pdt-rj.org.br\/index.php\/wp-json\/wp\/v2\/categories?post=78251"},{"taxonomy":"post_tag","embeddable":true,"href":"https:\/\/pdt-rj.org.br\/index.php\/wp-json\/wp\/v2\/tags?post=78251"}],"curies":[{"name":"wp","href":"https:\/\/api.w.org\/{rel}","templated":true}]}}