{"id":78230,"date":"2021-05-27T21:57:54","date_gmt":"2021-05-28T00:57:54","guid":{"rendered":"http:\/\/pdt-rj.org.br\/?p=78230"},"modified":"2021-06-01T17:19:59","modified_gmt":"2021-06-01T20:19:59","slug":"lupi-ve-diferencial-competitivo-do-pdt-para-voto-consciente-em-ciro-gomes","status":"publish","type":"post","link":"https:\/\/pdt-rj.org.br\/index.php\/lupi-ve-diferencial-competitivo-do-pdt-para-voto-consciente-em-ciro-gomes\/","title":{"rendered":"Lupi v\u00ea diferencial competitivo do PDT para voto consciente em Ciro Gomes"},"content":{"rendered":"<p class=\"yiv6944579063p1\"><em><strong><span class=\"yiv6944579063s1\">Com legado trabalhista, partido fomenta populariza\u00e7\u00e3o do Projeto Nacional de Desenvolvimento<\/span><\/strong><\/em><\/p>\n<p class=\"yiv6944579063p1\"><span class=\"yiv6944579063s1\">O PDT conta com um diferencial competitivo na disputa presidencial de 2022: o Projeto Nacional de Desenvolvimento (PND). Com esse entendimento, o presidente nacional do partido, Carlos Lupi, indicou em entrevista para o canal \u201cOs 4 Elementos\u201d, nessa quarta-feira (26), que a populariza\u00e7\u00e3o das propostas impulsionar\u00e1 o voto consciente no presidenci\u00e1vel Ciro Gomes.<\/span><\/p>\n<p class=\"yiv6944579063p1\"><span class=\"yiv6944579063s1\">\u201cN\u00f3s temos um lado. O trabalhismo tem um projeto para o Brasil e acredita nele. N\u00f3s vamos trabalhar diuturnamente [\u2026] at\u00e9 um dia, como falava o professor Darcy Ribeiro, de libertar o nosso povo com o instrumento da educa\u00e7\u00e3o\u201d, ressaltou, em conversa com os ex-presidentes da Juventude Socialista (JS) Luizinho Martins, Luiz Marcelo Camargo e Everton Wandall, e o secret\u00e1rio-geral do partido em Florian\u00f3polis (SC), Mauricio Conti.<\/span><\/p>\n<p class=\"yiv6944579063p1\"><span class=\"yiv6944579063s1\">\u201cVoto \u00e9 consequ\u00eancia, \u00e9 o processo natural de crescimento da popula\u00e7\u00e3o\u201d, garantiu, ao refor\u00e7ar o espa\u00e7o aberto para uma terceira via program\u00e1tica contra a tentativa de polariza\u00e7\u00e3o entre Jair Bolsonaro e Lula.<\/span><\/p>\n<p class=\"yiv6944579063p1\"><span class=\"yiv6944579063s1\">A constru\u00e7\u00e3o de uma sa\u00edda vi\u00e1vel e sustent\u00e1vel para o pa\u00eds representa para a sigla, segundo Lupi, algo que est\u00e1 acima de disputas de poder e al\u00e9m de um \u00fanico pleito eleitoral.\u00a0\u00a0<\/span><\/p>\n<p class=\"yiv6944579063p1\"><span class=\"yiv6944579063s1\">\u201cQuem imagina que est\u00e1 se preparando somente para a pr\u00f3xima elei\u00e7\u00e3o, n\u00e3o tem amor nenhum \u00e0 p\u00e1tria brasileira. S\u00f3 est\u00e1 pensando em si e nos seus. Ego\u00edsmo que \u00e9 a grande praga do capitalismo voraz e toma conta do mundo hoje\u201d, disse.<\/span><\/p>\n<p class=\"yiv6944579063p1\"><span class=\"yiv6944579063s1\">Na sequ\u00eancia do programa, Lupi valorizou ainda a coer\u00eancia e o progresso do PDT, que completava 41 anos na data, a partir de seus l\u00edderes e de marcantes reconstru\u00e7\u00f5es ao longo da hist\u00f3ria. Entre os marcos, a perda da sigla do antigo PTB e o falecimento do presidente de honra pedetista, Leonel Brizola.\u00a0<\/span><\/p>\n<p class=\"yiv6944579063p1\"><span class=\"yiv6944579063s1\">\u201c[Iluminados] Por Get\u00falio Vargas, Leonel Brizola, Jo\u00e3o Goulart, [Alberto] Pasqualini, Doutel [de Andrade], Abdias Nascimento, Edialeda [Salgado], Darcy Ribeiro. N\u00e3o tem for\u00e7a humana capaz de nos deter. N\u00f3s estamos com essa executiva celestial nos protegendo, dando causa e for\u00e7a\u201d, enalteceu, ao concluir: \u201cN\u00f3s vamos vencer!\u201d<\/span><\/p>\n<p class=\"yiv6944579063p1\"><span class=\"yiv6944579063s1\">Para conferir a \u00edntegra da entrevista, acesse:\u00a0<a href=\"https:\/\/youtu.be\/LFS4oQBEL3c\" target=\"_blank\" rel=\"nofollow noopener noreferrer\">https:\/\/youtu.be\/LFS4oQBEL3c<\/a>.<\/span><\/p>\n<!-- AddThis Advanced Settings generic via filter on the_content --><!-- AddThis Share Buttons generic via filter on the_content -->","protected":false},"excerpt":{"rendered":"<p>Com legado trabalhista, partido fomenta populariza\u00e7\u00e3o do Projeto Nacional de Desenvolvimento O PDT conta com um diferencial competitivo na disputa presidencial de 2022: o Projeto Nacional de Desenvolvimento (PND). Com esse entendimento, o presidente nacional do partido, Carlos Lupi, indicou em entrevista para o canal \u201cOs 4 Elementos\u201d, nessa quarta-feira (26), que a populariza\u00e7\u00e3o das&#8230;<!-- AddThis Advanced Settings generic via filter on wp_trim_excerpt --><!-- AddThis Share Buttons generic via filter on wp_trim_excerpt --><\/p>\n","protected":false},"author":17,"featured_media":78231,"comment_status":"closed","ping_status":"closed","sticky":false,"template":"","format":"standard","meta":{"_monsterinsights_skip_tracking":false,"_monsterinsights_sitenote_active":false,"_monsterinsights_sitenote_note":"","_monsterinsights_sitenote_category":0,"_uf_show_specific_survey":0,"_uf_disable_surveys":false,"footnotes":""},"categories":[1390,976],"tags":[],"class_list":["post-78230","post","type-post","status-publish","format-standard","has-post-thumbnail","hentry","category-editorias","category-noticias-em-destaque"],"acf":[],"_links":{"self":[{"href":"https:\/\/pdt-rj.org.br\/index.php\/wp-json\/wp\/v2\/posts\/78230","targetHints":{"allow":["GET"]}}],"collection":[{"href":"https:\/\/pdt-rj.org.br\/index.php\/wp-json\/wp\/v2\/posts"}],"about":[{"href":"https:\/\/pdt-rj.org.br\/index.php\/wp-json\/wp\/v2\/types\/post"}],"author":[{"embeddable":true,"href":"https:\/\/pdt-rj.org.br\/index.php\/wp-json\/wp\/v2\/users\/17"}],"replies":[{"embeddable":true,"href":"https:\/\/pdt-rj.org.br\/index.php\/wp-json\/wp\/v2\/comments?post=78230"}],"version-history":[{"count":2,"href":"https:\/\/pdt-rj.org.br\/index.php\/wp-json\/wp\/v2\/posts\/78230\/revisions"}],"predecessor-version":[{"id":78233,"href":"https:\/\/pdt-rj.org.br\/index.php\/wp-json\/wp\/v2\/posts\/78230\/revisions\/78233"}],"wp:featuredmedia":[{"embeddable":true,"href":"https:\/\/pdt-rj.org.br\/index.php\/wp-json\/wp\/v2\/media\/78231"}],"wp:attachment":[{"href":"https:\/\/pdt-rj.org.br\/index.php\/wp-json\/wp\/v2\/media?parent=78230"}],"wp:term":[{"taxonomy":"category","embeddable":true,"href":"https:\/\/pdt-rj.org.br\/index.php\/wp-json\/wp\/v2\/categories?post=78230"},{"taxonomy":"post_tag","embeddable":true,"href":"https:\/\/pdt-rj.org.br\/index.php\/wp-json\/wp\/v2\/tags?post=78230"}],"curies":[{"name":"wp","href":"https:\/\/api.w.org\/{rel}","templated":true}]}}