{"id":78216,"date":"2021-05-27T11:59:34","date_gmt":"2021-05-27T14:59:34","guid":{"rendered":"http:\/\/pdt-rj.org.br\/?p=78216"},"modified":"2021-06-01T17:10:05","modified_gmt":"2021-06-01T20:10:05","slug":"leia-a-ata-de-fundacao-do-pdt-onde-se-discutiu-o-nome-do-partido-e-sua-1a-direcao","status":"publish","type":"post","link":"https:\/\/pdt-rj.org.br\/index.php\/leia-a-ata-de-fundacao-do-pdt-onde-se-discutiu-o-nome-do-partido-e-sua-1a-direcao\/","title":{"rendered":"Leia a ata de funda\u00e7\u00e3o do PDT onde se discutiu o nome do partido e sua 1\u00aa dire\u00e7\u00e3o"},"content":{"rendered":"<p><strong><em>Reuni\u00e3o liderada por Leonel Brizola debateu a nomenclatura do partido e a forma\u00e7\u00e3o da dire\u00e7\u00e3o nacional<\/em><\/strong><\/p>\n<p>A hist\u00f3ria do trabalhismo ganhou h\u00e1 41 anos, no dia 26 de maio de 1980, um novo marco. Liderados por Leonel Brizola, 257 representa\u00e7\u00f5es nacionais se reuniram no edif\u00edcio da Associa\u00e7\u00e3o Brasileira de Imprensa (ABI), no Centro da cidade do Rio de Janeiro, para formalizar a funda\u00e7\u00e3o do Partido Democr\u00e1tico Trabalhista (PDT). Registrada no Tribunal Superior Eleitoral (TSE), a ata foi resgatada pelo Centro de Mem\u00f3ria Trabalhista (CMT).<\/p>\n<p>Na abertura do encontro, Brizola, eleito presidente, fez um relato sobre a situa\u00e7\u00e3o pol\u00edtica brasileira e esclareceu que foram realizadas atividades preparat\u00f3rias, incluindo a \u201csugest\u00e3o de v\u00e1rias denomina\u00e7\u00f5es partid\u00e1rias e respectivas siglas\u201d.<\/p>\n<p>\u201cDebatido amplamente o assunto e submetido a votos, os fundadores, entendendo que o uso da denomina\u00e7\u00e3o partid\u00e1ria e siglas propostas n\u00e3o induziriam o eleitor a engano ou confus\u00e3o, aprovaram por unanimidade, como nome do partido e respectiva sigla, PARTIDO DEMOCRATICO TRABALHISTA \u2013 PDT\u201d, detalha o documento.<\/p>\n<p>Com a aprova\u00e7\u00e3o do manifesto de lan\u00e7amento, do programa e do estatuto, os presentes avan\u00e7aram para a vota\u00e7\u00e3o e posse da Comiss\u00e3o Diretora Nacional Provis\u00f3ria, que contou com onze membros escolhidos: Leonel de Moura Brizola; Armindo Marc\u00edlio Doutel de Andrade; Lidovino Ant\u00f4nio Fanton; Alceu de Deus Collares; Jos\u00e9 Frejat; Benedicto Cerqueira; Suzanna Thompson Flores Pasqualini; Jos\u00e9 Guimaraes Neiva Moreira; Francisco Waldir Pires de Souza; Ant\u00f4nio Gua\u00e7u Dinaer Piteri e Darcy Ribeiro.<\/p>\n<p><a href=\"http:\/\/pdt-rj.org.br\/wp-content\/uploads\/2021\/05\/ATA-DE-FUNDACAO-DO-PDT.pdf\">Confira a ata, na \u00edntegra<\/a><\/p>\n<!-- AddThis Advanced Settings generic via filter on the_content --><!-- AddThis Share Buttons generic via filter on the_content -->","protected":false},"excerpt":{"rendered":"<p>Reuni\u00e3o liderada por Leonel Brizola debateu a nomenclatura do partido e a forma\u00e7\u00e3o da dire\u00e7\u00e3o nacional A hist\u00f3ria do trabalhismo ganhou h\u00e1 41 anos, no dia 26 de maio de 1980, um novo marco. Liderados por Leonel Brizola, 257 representa\u00e7\u00f5es nacionais se reuniram no edif\u00edcio da Associa\u00e7\u00e3o Brasileira de Imprensa (ABI), no Centro da cidade&#8230;<!-- AddThis Advanced Settings generic via filter on wp_trim_excerpt --><!-- AddThis Share Buttons generic via filter on wp_trim_excerpt --><\/p>\n","protected":false},"author":17,"featured_media":78218,"comment_status":"closed","ping_status":"closed","sticky":false,"template":"","format":"standard","meta":{"_monsterinsights_skip_tracking":false,"_monsterinsights_sitenote_active":false,"_monsterinsights_sitenote_note":"","_monsterinsights_sitenote_category":0,"_uf_show_specific_survey":0,"_uf_disable_surveys":false,"footnotes":""},"categories":[1390,4549,1401,976],"tags":[],"class_list":["post-78216","post","type-post","status-publish","format-standard","has-post-thumbnail","hentry","category-editorias","category-memoria","category-nacional","category-noticias-em-destaque"],"acf":[],"_links":{"self":[{"href":"https:\/\/pdt-rj.org.br\/index.php\/wp-json\/wp\/v2\/posts\/78216","targetHints":{"allow":["GET"]}}],"collection":[{"href":"https:\/\/pdt-rj.org.br\/index.php\/wp-json\/wp\/v2\/posts"}],"about":[{"href":"https:\/\/pdt-rj.org.br\/index.php\/wp-json\/wp\/v2\/types\/post"}],"author":[{"embeddable":true,"href":"https:\/\/pdt-rj.org.br\/index.php\/wp-json\/wp\/v2\/users\/17"}],"replies":[{"embeddable":true,"href":"https:\/\/pdt-rj.org.br\/index.php\/wp-json\/wp\/v2\/comments?post=78216"}],"version-history":[{"count":3,"href":"https:\/\/pdt-rj.org.br\/index.php\/wp-json\/wp\/v2\/posts\/78216\/revisions"}],"predecessor-version":[{"id":78220,"href":"https:\/\/pdt-rj.org.br\/index.php\/wp-json\/wp\/v2\/posts\/78216\/revisions\/78220"}],"wp:featuredmedia":[{"embeddable":true,"href":"https:\/\/pdt-rj.org.br\/index.php\/wp-json\/wp\/v2\/media\/78218"}],"wp:attachment":[{"href":"https:\/\/pdt-rj.org.br\/index.php\/wp-json\/wp\/v2\/media?parent=78216"}],"wp:term":[{"taxonomy":"category","embeddable":true,"href":"https:\/\/pdt-rj.org.br\/index.php\/wp-json\/wp\/v2\/categories?post=78216"},{"taxonomy":"post_tag","embeddable":true,"href":"https:\/\/pdt-rj.org.br\/index.php\/wp-json\/wp\/v2\/tags?post=78216"}],"curies":[{"name":"wp","href":"https:\/\/api.w.org\/{rel}","templated":true}]}}