{"id":78163,"date":"2021-05-25T13:07:35","date_gmt":"2021-05-25T16:07:35","guid":{"rendered":"http:\/\/pdt-rj.org.br\/?p=78163"},"modified":"2021-05-25T14:17:29","modified_gmt":"2021-05-25T17:17:29","slug":"setor-tecnologico-impulsiona-a-economia-de-niteroi","status":"publish","type":"post","link":"https:\/\/pdt-rj.org.br\/index.php\/setor-tecnologico-impulsiona-a-economia-de-niteroi\/","title":{"rendered":"Setor tecnol\u00f3gico impulsiona a economia de Niter\u00f3i"},"content":{"rendered":"<p>Os servi\u00e7os de TI, inform\u00e1tica, internet e provedores registraram um crescimento de 65,5% em Niter\u00f3i (RJ), ratificando o potencial do setor para a gera\u00e7\u00e3o de emprego e renda. As informa\u00e7\u00f5es, de extrema import\u00e2ncia para balizar a\u00e7\u00f5es governamentais de retomada econ\u00f4mica, constam da primeira edi\u00e7\u00e3o do Boletim de Movimento Econ\u00f4mico, desenvolvido pela Secretaria Municipal de Fazenda.<\/p>\n<p>O estudo traz dados relativos a janeiro, fevereiro e mar\u00e7o de 2021 em compara\u00e7\u00e3o com o mesmo per\u00edodo dos anos de 2020 e 2019 e apresenta, de forma anal\u00edtica, dados sobre a arrecada\u00e7\u00e3o do Imposto sobre Servi\u00e7os de Qualquer Natureza (ISS) e a emiss\u00e3o de Notas Fiscais do munic\u00edpio.<\/p>\n<p>O mesmo documento mostra que o setor de armazenamento e atividades auxiliares dos transportes cresceu 87% (ligado \u00e0 ind\u00fastria naval); e o de outras atividades profissionais, cient\u00edficas e t\u00e9cnicas teve crescimento de 61,9%. S\u00e3o indicadores que colocam o setor tecnol\u00f3gico como estrat\u00e9gico e demonstram a for\u00e7a da nossa cidade para a retomada econ\u00f4mica.<\/p>\n<p>Os n\u00fameros tamb\u00e9m retratam a import\u00e2ncia de programas lan\u00e7ados pela Prefeitura de Niter\u00f3i para mitigar os impactos causados pela pandemia, como o Empresa Cidad\u00e3, o Supera Mais Niter\u00f3i e o Renda B\u00e1sica Tempor\u00e1ria.<\/p>\n<p><em><b>*Axel Grael \u00e9 prefeito de Niter\u00f3i (RJ) pelo PDT<\/b><\/em><\/p>\n<!-- AddThis Advanced Settings generic via filter on the_content --><!-- AddThis Share Buttons generic via filter on the_content -->","protected":false},"excerpt":{"rendered":"<p>Os servi\u00e7os de TI, inform\u00e1tica, internet e provedores registraram um crescimento de 65,5% em Niter\u00f3i (RJ), ratificando o potencial do setor para a gera\u00e7\u00e3o de emprego e renda. As informa\u00e7\u00f5es, de extrema import\u00e2ncia para balizar a\u00e7\u00f5es governamentais de retomada econ\u00f4mica, constam da primeira edi\u00e7\u00e3o do Boletim de Movimento Econ\u00f4mico, desenvolvido pela Secretaria Municipal de Fazenda&#8230;.<!-- AddThis Advanced Settings generic via filter on wp_trim_excerpt --><!-- AddThis Share Buttons generic via filter on wp_trim_excerpt --><\/p>\n","protected":false},"author":17,"featured_media":78170,"comment_status":"closed","ping_status":"closed","sticky":false,"template":"","format":"standard","meta":{"_monsterinsights_skip_tracking":false,"_monsterinsights_sitenote_active":false,"_monsterinsights_sitenote_note":"","_monsterinsights_sitenote_category":0,"_uf_show_specific_survey":0,"_uf_disable_surveys":false,"footnotes":""},"categories":[1584,1390,1402],"tags":[4025,4817,2463,4818],"class_list":["post-78163","post","type-post","status-publish","format-standard","has-post-thumbnail","hentry","category-artigos","category-editorias","category-cidades","tag-axel-grael","tag-economia-de-niteroi","tag-niteroi-rj","tag-setor-tecnologico"],"acf":[],"_links":{"self":[{"href":"https:\/\/pdt-rj.org.br\/index.php\/wp-json\/wp\/v2\/posts\/78163","targetHints":{"allow":["GET"]}}],"collection":[{"href":"https:\/\/pdt-rj.org.br\/index.php\/wp-json\/wp\/v2\/posts"}],"about":[{"href":"https:\/\/pdt-rj.org.br\/index.php\/wp-json\/wp\/v2\/types\/post"}],"author":[{"embeddable":true,"href":"https:\/\/pdt-rj.org.br\/index.php\/wp-json\/wp\/v2\/users\/17"}],"replies":[{"embeddable":true,"href":"https:\/\/pdt-rj.org.br\/index.php\/wp-json\/wp\/v2\/comments?post=78163"}],"version-history":[{"count":6,"href":"https:\/\/pdt-rj.org.br\/index.php\/wp-json\/wp\/v2\/posts\/78163\/revisions"}],"predecessor-version":[{"id":78171,"href":"https:\/\/pdt-rj.org.br\/index.php\/wp-json\/wp\/v2\/posts\/78163\/revisions\/78171"}],"wp:featuredmedia":[{"embeddable":true,"href":"https:\/\/pdt-rj.org.br\/index.php\/wp-json\/wp\/v2\/media\/78170"}],"wp:attachment":[{"href":"https:\/\/pdt-rj.org.br\/index.php\/wp-json\/wp\/v2\/media?parent=78163"}],"wp:term":[{"taxonomy":"category","embeddable":true,"href":"https:\/\/pdt-rj.org.br\/index.php\/wp-json\/wp\/v2\/categories?post=78163"},{"taxonomy":"post_tag","embeddable":true,"href":"https:\/\/pdt-rj.org.br\/index.php\/wp-json\/wp\/v2\/tags?post=78163"}],"curies":[{"name":"wp","href":"https:\/\/api.w.org\/{rel}","templated":true}]}}